{"id":44406,"date":"2016-03-12T08:48:12","date_gmt":"2016-03-12T11:48:12","guid":{"rendered":"http:\/\/argentinamunicipal.com.ar\/argentina\/?p=44406"},"modified":"2016-03-12T08:48:12","modified_gmt":"2016-03-12T11:48:12","slug":"frigerio-recibio-intendentes-del-justicialismo-santafesino","status":"publish","type":"post","link":"http:\/\/argentinamunicipal.com.ar\/argentina\/frigerio-recibio-intendentes-del-justicialismo-santafesino\/","title":{"rendered":"Frigerio recibi\u00f3 a intendentes del justicialismo santafesino"},"content":{"rendered":"<p><a href=\"http:\/\/argentinamunicipal.com.ar\/argentina\/wp-content\/uploads\/2016\/03\/3-INT_8665-2_fmt.jpeg\"><img loading=\"lazy\" decoding=\"async\" class=\"aligncenter size-full wp-image-44407\" src=\"http:\/\/argentinamunicipal.com.ar\/argentina\/wp-content\/uploads\/2016\/03\/3-INT_8665-2_fmt.jpeg\" alt=\"3-INT_8665-2_fmt\" width=\"424\" height=\"295\" srcset=\"http:\/\/argentinamunicipal.com.ar\/argentina\/wp-content\/uploads\/2016\/03\/3-INT_8665-2_fmt.jpeg 424w, http:\/\/argentinamunicipal.com.ar\/argentina\/wp-content\/uploads\/2016\/03\/3-INT_8665-2_fmt-300x209.jpeg 300w\" sizes=\"auto, (max-width: 424px) 100vw, 424px\" \/><\/a><\/p>\n<p>Garantiz\u00f3 la continuidad de emprendimientos de infraestructura. Y dej\u00f3 ver que en el futuro la ejecuci\u00f3n pasar\u00e1 a los gobiernos provinciales y a los propios jefes de ciudades y comunas.<\/p>\n<p>&nbsp;<\/p>\n<p>Va quedando en claro por qu\u00e9 el ministro del interior es, en el esquema macrista del poder, el titular de Obras P\u00fablicas. El martes Rogelio Frigerio se reuni\u00f3 con intendentes de capitales provinciales, el mi\u00e9rcoles fue el turno de jefes comunales vecinalistas de Entre R\u00edos y ayer recibi\u00f3 a intendentes peronistas de Santa Fe.<\/p>\n<p>\u201cLas obras que est\u00e1n en ejecuci\u00f3n seguir\u00e1n los plazos establecidos con anterioridad aunque en un futuro, la Naci\u00f3n pasar\u00e1 la responsabilidad de la ejecuci\u00f3n de las obras locales a la provincia y los municipios\u201d, dice hoy el parte de la cartera pol\u00edtica.<\/p>\n<p>Al ministro lo acompa\u00f1aron el secretario de Interior, Sebasti\u00e1n Garc\u00eda De Luca; el subsecretario de Coordinaci\u00f3n de la Obra P\u00fablica Federal, Ricardo Delgado; y el secretario general del Ministerio del Interior, Mauricio Colello. Pol\u00edtica y obras para marcar territorialidad en el ejercicio del poder. Frigerio propuso que cada municipio trabaje por \u00e1reas espec\u00edficas con los equipos de Naci\u00f3n y valor\u00f3 los lazos de confianza entre el gobierno nacional, las provincias y los municipios.<\/p>\n<p>De hecho ante el intendente de Rafaela, Luis Castellano, cont\u00f3 que \u201cel ministro tom\u00f3 nota y comprometi\u00f3 un di\u00e1logo con la ministra de Seguridad, Patricia Bulrich, para ver el tema y seguir trabajando en la permanencia, al menos por un tiempo m\u00e1s, de los gendarmes en la ciudad\u201d.<\/p>\n<p>La fluida relaci\u00f3n entre la Casa Rosada y los jefes de ciudades -sin pasar por el gobernador- es un escenario que sol\u00eda usar el kirchnerismo para construir poder. Excepto que ahora es significativa la postergaci\u00f3n de la rosarina socialista M\u00f3nica Fein, acostumbrada hasta hace poco tiempo atr\u00e1s a reunirse con Florencio Randazzo por los trenes Buenos Aires-Rosario que ahora no funcionan. Por aquellas horas la ciudad postergada era la de Santa Fe, que hoy tiene a Jos\u00e9 Corral como \u201ccu\u00f1a macrista\u201d en la alianza entre radicales y socialistas.<\/p>\n<p>Adem\u00e1s el cable de la agencia oficial T\u00e9lam sobre el encuentro alude a fuentes del ministerio del Interior para se\u00f1alar que el de ayer fue \u201cel primero de varios encuentros con el peronismo santafesino\u201d y admiten que \u201cla idea es avanzar con ese sector ante un distante oficialismo provincial del Frente Progresista gobernante\u201d.<\/p>\n<p><strong>El dato,\u00a0Senadores<\/strong><\/p>\n<p>Los senadores nacionales santafesinos por el Frente para la Victoria, Mar\u00eda de los \u00c1ngeles Sacnun y Omar Perotti, participaron ayer del encuentro con Frigerio. El parte de la cartera de Interior se ocupa de adelantar que el ministro recibir\u00e1 al senador Carlos Reutemann -electo en alianza con el PRO- la semana pr\u00f3xima. Los votos del bloque kirchnerista, adem\u00e1s del que ejerce el ex gobernador, ser\u00e1n decisivos para el futuro de la \u201cnormalizaci\u00f3n\u201d de la deuda. En la C\u00e1mara alta del Congreso no hay \u201cmassismo\u201d ni PJ disidente que le pueda dar a Cambiemos un acuerdo en capacidad de sancionar la norma para arreglar con los buitres.<\/p>\n<h6>Fuente: El Litoral, Santa Fe<\/h6>\n","protected":false},"excerpt":{"rendered":"<p>Garantiz\u00f3 la continuidad de emprendimientos de infraestructura. Y dej\u00f3 ver que en el futuro la ejecuci\u00f3n pasar\u00e1 a los gobiernos provinciales y a los propios jefes de ciudades y comunas. &nbsp; Va quedando en claro por qu\u00e9 el ministro del interior es, en el esquema macrista del poder, el titular de Obras P\u00fablicas. El martes<\/p>\n","protected":false},"author":2,"featured_media":44407,"comment_status":"closed","ping_status":"closed","sticky":false,"template":"","format":"standard","meta":{"footnotes":""},"categories":[4],"tags":[10],"class_list":["post-44406","post","type-post","status-publish","format-standard","has-post-thumbnail","hentry","category-informe-politico","tag-santa-fe"],"_links":{"self":[{"href":"http:\/\/argentinamunicipal.com.ar\/argentina\/wp-json\/wp\/v2\/posts\/44406","targetHints":{"allow":["GET"]}}],"collection":[{"href":"http:\/\/argentinamunicipal.com.ar\/argentina\/wp-json\/wp\/v2\/posts"}],"about":[{"href":"http:\/\/argentinamunicipal.com.ar\/argentina\/wp-json\/wp\/v2\/types\/post"}],"author":[{"embeddable":true,"href":"http:\/\/argentinamunicipal.com.ar\/argentina\/wp-json\/wp\/v2\/users\/2"}],"replies":[{"embeddable":true,"href":"http:\/\/argentinamunicipal.com.ar\/argentina\/wp-json\/wp\/v2\/comments?post=44406"}],"version-history":[{"count":0,"href":"http:\/\/argentinamunicipal.com.ar\/argentina\/wp-json\/wp\/v2\/posts\/44406\/revisions"}],"wp:featuredmedia":[{"embeddable":true,"href":"http:\/\/argentinamunicipal.com.ar\/argentina\/wp-json\/wp\/v2\/media\/44407"}],"wp:attachment":[{"href":"http:\/\/argentinamunicipal.com.ar\/argentina\/wp-json\/wp\/v2\/media?parent=44406"}],"wp:term":[{"taxonomy":"category","embeddable":true,"href":"http:\/\/argentinamunicipal.com.ar\/argentina\/wp-json\/wp\/v2\/categories?post=44406"},{"taxonomy":"post_tag","embeddable":true,"href":"http:\/\/argentinamunicipal.com.ar\/argentina\/wp-json\/wp\/v2\/tags?post=44406"}],"curies":[{"name":"wp","href":"https:\/\/api.w.org\/{rel}","templated":true}]}}