{"id":44418,"date":"2016-03-12T09:23:45","date_gmt":"2016-03-12T12:23:45","guid":{"rendered":"http:\/\/argentinamunicipal.com.ar\/argentina\/?p=44418"},"modified":"2016-03-12T09:23:45","modified_gmt":"2016-03-12T12:23:45","slug":"santa-fe-la-provincia-convoco-intendentes-presidentes-comunales-debatir-educacion","status":"publish","type":"post","link":"http:\/\/argentinamunicipal.com.ar\/argentina\/santa-fe-la-provincia-convoco-intendentes-presidentes-comunales-debatir-educacion\/","title":{"rendered":"Santa Fe: La provincia convoc\u00f3 a intendentes y presidentes comunales a debatir sobre educaci\u00f3n"},"content":{"rendered":"<p><a href=\"http:\/\/argentinamunicipal.com.ar\/argentina\/wp-content\/uploads\/2016\/03\/educacion.JPG_973718260.jpg\"><img loading=\"lazy\" decoding=\"async\" class=\"aligncenter  wp-image-44419\" src=\"http:\/\/argentinamunicipal.com.ar\/argentina\/wp-content\/uploads\/2016\/03\/educacion.JPG_973718260.jpg\" alt=\"educacion.JPG_973718260\" width=\"689\" height=\"480\" srcset=\"http:\/\/argentinamunicipal.com.ar\/argentina\/wp-content\/uploads\/2016\/03\/educacion.JPG_973718260.jpg 789w, http:\/\/argentinamunicipal.com.ar\/argentina\/wp-content\/uploads\/2016\/03\/educacion.JPG_973718260-300x209.jpg 300w, http:\/\/argentinamunicipal.com.ar\/argentina\/wp-content\/uploads\/2016\/03\/educacion.JPG_973718260-768x535.jpg 768w\" sizes=\"auto, (max-width: 689px) 100vw, 689px\" \/><\/a><br \/>\n\u201cEs fundamental contar con una mirada local y por fuera del sistema educativo porque la ense\u00f1anza y el aprendizaje no se agotan en la escuela\u201d, se\u00f1al\u00f3 el gobernador al abrir el foro realizado en Rosario.<\/p>\n<p>El gobernador de Santa Fe, Miguel Lifschitz, encabez\u00f3\u00a0este viernes\u00a0el primero de los foros denominados \u00abDi\u00e1logos por la Educaci\u00f3n. Mesas con autoridades de gobiernos locales\u00bb, en la sala Rodolfo Walsh de la sede de Gobierno de Rosario. Acompa\u00f1aron al mandatario santafesino la intendenta de Rosario, M\u00f3nica Fein; y los ministros de Gobierno y Reforma del Estado, Pablo Far\u00edas; y de Educaci\u00f3n, Claudia Balagu\u00e9.<\/p>\n<p>\u201cEn Santa Fe venimos construyendo un proyecto educativo que tiene una meta y que se va desarrollando a lo largo del tiempo. Es un proceso que involucra a muchas personas y realidades distintas, en una provincia con 363 localidades\u201d, comenz\u00f3 por se\u00f1alar Lifschitz, para agregar que \u201cuna mirada local y por fuera del sistema educativo es fundamental porque la ense\u00f1anza y el aprendizaje no se agotan en la escuela, por lo tanto es necesario trabajar en sinton\u00eda con los gobiernos locales a fin de lograr mejores resultados. Tenemos que construir una educaci\u00f3n para todos; una educaci\u00f3n inclusiva\u201d, afirm\u00f3.<\/p>\n<p>\u201cDi\u00e1logos por la Educaci\u00f3n\u201d es una iniciativa del gobierno provincial, que convoca a especialistas, directivos, docentes, padres, estudiantes, y comunidad en general a debatir y compartir ideas con el objetivo de consolidar un Plan de Educaci\u00f3n Provincial. En este caso, el foro convoc\u00f3 a intendentes y presidentes comunales de la Regi\u00f3n 4. La misma actividad se replicar\u00e1 en las cuatro regiones restantes.<\/p>\n<p>\u201cTodos coincidimos en que la educaci\u00f3n es la gran herramienta para transformar la realidad, para resolver los problemas de la violencia y la exclusi\u00f3n social, el desempleo, la convivencia. Pero de ah\u00ed a poner a la educaci\u00f3n en el centro del debate p\u00fablico hay una gran distancia. Por eso, es estimulante poder encontrarnos y poner el eje de la pol\u00edtica en la educaci\u00f3n\u201d, se\u00f1al\u00f3 el gobernador.<\/p>\n<p><strong>OTROS MENSAJES<\/strong><\/p>\n<p>La ministra de Educaci\u00f3n remarc\u00f3 que es \u201cla primera vez que hacemos una reuni\u00f3n de este tipo para indagar c\u00f3mo estamos construyendo la educaci\u00f3n en Santa Fe y c\u00f3mo queremos seguir avanzando\u201d. Luego present\u00f3 los lineamientos a debatir durante el encuentro con los intendentes y presidentes comunales: educaci\u00f3n y ciudadan\u00eda, educaci\u00f3n y valores para la convivencia, educaci\u00f3n e inclusi\u00f3n, educaci\u00f3n y territorio, y educaci\u00f3n y libertad.<\/p>\n<p>La intendenta Fein expres\u00f3 que \u201ca partir de estas l\u00edneas estrat\u00e9gicas, los ni\u00f1os y j\u00f3venes son protagonistas del proceso educativo, adem\u00e1s de los docentes y presidentes comunales. Las ciudades educan y por eso para nosotros es fundamental participar de este debate\u201d, sostuvo.<\/p>\n<h6>Fuente: Uno, Santa fe<\/h6>\n","protected":false},"excerpt":{"rendered":"<p>\u201cEs fundamental contar con una mirada local y por fuera del sistema educativo porque la ense\u00f1anza y el aprendizaje no se agotan en la escuela\u201d, se\u00f1al\u00f3 el gobernador al abrir el foro realizado en Rosario. El gobernador de Santa Fe, Miguel Lifschitz, encabez\u00f3\u00a0este viernes\u00a0el primero de los foros denominados \u00abDi\u00e1logos por la Educaci\u00f3n. Mesas con<\/p>\n","protected":false},"author":2,"featured_media":44419,"comment_status":"closed","ping_status":"closed","sticky":false,"template":"","format":"standard","meta":{"footnotes":""},"categories":[2],"tags":[10],"class_list":["post-44418","post","type-post","status-publish","format-standard","has-post-thumbnail","hentry","category-informe-municipal","tag-santa-fe"],"_links":{"self":[{"href":"http:\/\/argentinamunicipal.com.ar\/argentina\/wp-json\/wp\/v2\/posts\/44418","targetHints":{"allow":["GET"]}}],"collection":[{"href":"http:\/\/argentinamunicipal.com.ar\/argentina\/wp-json\/wp\/v2\/posts"}],"about":[{"href":"http:\/\/argentinamunicipal.com.ar\/argentina\/wp-json\/wp\/v2\/types\/post"}],"author":[{"embeddable":true,"href":"http:\/\/argentinamunicipal.com.ar\/argentina\/wp-json\/wp\/v2\/users\/2"}],"replies":[{"embeddable":true,"href":"http:\/\/argentinamunicipal.com.ar\/argentina\/wp-json\/wp\/v2\/comments?post=44418"}],"version-history":[{"count":0,"href":"http:\/\/argentinamunicipal.com.ar\/argentina\/wp-json\/wp\/v2\/posts\/44418\/revisions"}],"wp:featuredmedia":[{"embeddable":true,"href":"http:\/\/argentinamunicipal.com.ar\/argentina\/wp-json\/wp\/v2\/media\/44419"}],"wp:attachment":[{"href":"http:\/\/argentinamunicipal.com.ar\/argentina\/wp-json\/wp\/v2\/media?parent=44418"}],"wp:term":[{"taxonomy":"category","embeddable":true,"href":"http:\/\/argentinamunicipal.com.ar\/argentina\/wp-json\/wp\/v2\/categories?post=44418"},{"taxonomy":"post_tag","embeddable":true,"href":"http:\/\/argentinamunicipal.com.ar\/argentina\/wp-json\/wp\/v2\/tags?post=44418"}],"curies":[{"name":"wp","href":"https:\/\/api.w.org\/{rel}","templated":true}]}}