{"id":44478,"date":"2016-03-14T08:04:38","date_gmt":"2016-03-14T11:04:38","guid":{"rendered":"http:\/\/argentinamunicipal.com.ar\/argentina\/?p=44478"},"modified":"2016-03-14T08:04:38","modified_gmt":"2016-03-14T11:04:38","slug":"polo-cientifico-tecnologico-parana-se-instalara-thompson","status":"publish","type":"post","link":"http:\/\/argentinamunicipal.com.ar\/argentina\/polo-cientifico-tecnologico-parana-se-instalara-thompson\/","title":{"rendered":"El polo cient\u00edfico y tecnol\u00f3gico de Paran\u00e1 se instalar\u00e1 en el Thompson"},"content":{"rendered":"<p><a href=\"http:\/\/argentinamunicipal.com.ar\/argentina\/wp-content\/uploads\/2016\/03\/polo-tecnologico-planos.jpg_973718260.jpg\"><img loading=\"lazy\" decoding=\"async\" class=\"aligncenter  wp-image-44479\" src=\"http:\/\/argentinamunicipal.com.ar\/argentina\/wp-content\/uploads\/2016\/03\/polo-tecnologico-planos.jpg_973718260.jpg\" alt=\"polo-tecnologico-planos.jpg_973718260\" width=\"656\" height=\"457\" srcset=\"http:\/\/argentinamunicipal.com.ar\/argentina\/wp-content\/uploads\/2016\/03\/polo-tecnologico-planos.jpg_973718260.jpg 789w, http:\/\/argentinamunicipal.com.ar\/argentina\/wp-content\/uploads\/2016\/03\/polo-tecnologico-planos.jpg_973718260-300x209.jpg 300w, http:\/\/argentinamunicipal.com.ar\/argentina\/wp-content\/uploads\/2016\/03\/polo-tecnologico-planos.jpg_973718260-768x535.jpg 768w\" sizes=\"auto, (max-width: 656px) 100vw, 656px\" \/><\/a><br \/>\nLos responsables de Dominguez Lab presentaron el proyecto de Investigaci\u00f3n Biom\u00e9dica, el primero en la provincia, y \u00abuno de los proyectos m\u00e1s ambiciosos en materia de ciencia y tecnolog\u00eda del pa\u00eds\u00bb, confirmaron desde la\u00a0Secretar\u00eda de Ciencia, Tecnolog\u00eda e Innovaci\u00f3n de Entre R\u00edos.\u00a0Compartir<\/p>\n<p>Desde la Secretar\u00eda de Ciencia y Tecnolog\u00eda e Innovaci\u00f3n de Entre R\u00edos confirmaron la reuni\u00f3n con Mario Dom\u00ednguez, presidente de\u00a0DominguezLab para planificar los pr\u00f3ximos pasos para concretar el Polo Cient\u00edfico Tecnol\u00f3gico en Investigaci\u00f3n Biom\u00e9dica, el primero en la provincia, y \u00abuno de los proyectos m\u00e1s ambiciosos en materia de ciencia y tecnolog\u00eda del pa\u00eds\u00bb. El nuevo Centro contar\u00e1 con unidades anal\u00edticas de alta complejidad equipadas con laboratorios de \u00faltima generaci\u00f3n; una unidad cl\u00ednica apta para cuidados cr\u00edticos e intermedios; una unidad de investigaci\u00f3n de alimentos funcionales y un sal\u00f3n auditorio.<\/p>\n<p>Este gran proyecto, que avanza con el apoyo del Conicet, la Secretar\u00eda CTI; entre otras instituciones nacionales e internacionales, busca priorizar la innovaci\u00f3n y el desarrollo en la medicina regional atrayendo recursos humanos altamente calificados y destacaron que el proyecto \u00abpretende recuperar un barrio hist\u00f3rico de la ciudad en las periferias del borde costero paranaense, poniendo en valor el mercado inmobiliario circundante\u00bb.<\/p>\n<p><strong>La ciudad\u00a0<\/strong><\/p>\n<p>El intendente Sergio Varisco recibi\u00f3 a \u00a0Pablo Menna, el presidente\u00a0del Polo Tecnol\u00f3gico Del Paran\u00e1 y a Mario Dom\u00ednguez, director de Dom\u00ednguez Lab, autor del proyecto de relocalizar empresas del sector y conformar el Polo Tecnol\u00f3gico en el barrio Thompson de Paran\u00e1<\/p>\n<p>Menna confim\u00f3 que la idea del Polo en un mismo predio \u201ces una iniciativa que estamos trabajando hace varios a\u00f1os y ahora con la idea de localizaci\u00f3n nueva, a trav\u00e9s de un proyecto de Dom\u00ednguez Lab que adquiri\u00f3 terrenos en las inmediaciones del Thompson y que cuenta con financiamiento concreto para avanzar en la construcci\u00f3n, se potencia\u201d.<\/p>\n<p>Luego del encuentro aseguraron que \u00abla idea es que en el Polo se generen conocimientos y que surja m\u00e1s trabajo, con una mejor relocalizaci\u00f3n para lograr una mejor sinergia entre lo p\u00fablico, lo privado y la academia\u00bb, detall\u00f3 Menna.<\/p>\n<p>El Polo Tecnol\u00f3gico Del Paran\u00e1 tiene cerca de 30 empresas dispuestas a instalarse en un espacio com\u00fan. \u00a0\u00abEl proyecto insignia y que comenzar\u00e1 a trabajar es el de Dom\u00ednguez Lab, que es un empresa de vuelo internacional, con el 80% de su producci\u00f3n que se exporta\u00bb, resalt\u00f3 el empresario que trabaja en la industria del Software.<\/p>\n<h6>Fuente: Uno, Entre R\u00edos<\/h6>\n","protected":false},"excerpt":{"rendered":"<p>Los responsables de Dominguez Lab presentaron el proyecto de Investigaci\u00f3n Biom\u00e9dica, el primero en la provincia, y \u00abuno de los proyectos m\u00e1s ambiciosos en materia de ciencia y tecnolog\u00eda del pa\u00eds\u00bb, confirmaron desde la\u00a0Secretar\u00eda de Ciencia, Tecnolog\u00eda e Innovaci\u00f3n de Entre R\u00edos.\u00a0Compartir Desde la Secretar\u00eda de Ciencia y Tecnolog\u00eda e Innovaci\u00f3n de Entre R\u00edos confirmaron<\/p>\n","protected":false},"author":2,"featured_media":44479,"comment_status":"closed","ping_status":"closed","sticky":false,"template":"","format":"standard","meta":{"footnotes":""},"categories":[2],"tags":[17],"class_list":["post-44478","post","type-post","status-publish","format-standard","has-post-thumbnail","hentry","category-informe-municipal","tag-entre-rios"],"_links":{"self":[{"href":"http:\/\/argentinamunicipal.com.ar\/argentina\/wp-json\/wp\/v2\/posts\/44478","targetHints":{"allow":["GET"]}}],"collection":[{"href":"http:\/\/argentinamunicipal.com.ar\/argentina\/wp-json\/wp\/v2\/posts"}],"about":[{"href":"http:\/\/argentinamunicipal.com.ar\/argentina\/wp-json\/wp\/v2\/types\/post"}],"author":[{"embeddable":true,"href":"http:\/\/argentinamunicipal.com.ar\/argentina\/wp-json\/wp\/v2\/users\/2"}],"replies":[{"embeddable":true,"href":"http:\/\/argentinamunicipal.com.ar\/argentina\/wp-json\/wp\/v2\/comments?post=44478"}],"version-history":[{"count":0,"href":"http:\/\/argentinamunicipal.com.ar\/argentina\/wp-json\/wp\/v2\/posts\/44478\/revisions"}],"wp:featuredmedia":[{"embeddable":true,"href":"http:\/\/argentinamunicipal.com.ar\/argentina\/wp-json\/wp\/v2\/media\/44479"}],"wp:attachment":[{"href":"http:\/\/argentinamunicipal.com.ar\/argentina\/wp-json\/wp\/v2\/media?parent=44478"}],"wp:term":[{"taxonomy":"category","embeddable":true,"href":"http:\/\/argentinamunicipal.com.ar\/argentina\/wp-json\/wp\/v2\/categories?post=44478"},{"taxonomy":"post_tag","embeddable":true,"href":"http:\/\/argentinamunicipal.com.ar\/argentina\/wp-json\/wp\/v2\/tags?post=44478"}],"curies":[{"name":"wp","href":"https:\/\/api.w.org\/{rel}","templated":true}]}}