{"id":44498,"date":"2016-03-14T08:40:08","date_gmt":"2016-03-14T11:40:08","guid":{"rendered":"http:\/\/argentinamunicipal.com.ar\/argentina\/?p=44498"},"modified":"2016-03-14T08:40:08","modified_gmt":"2016-03-14T11:40:08","slug":"mega-fiesta-la-cerveza-la-ex-rural-rosario-17-marzo","status":"publish","type":"post","link":"http:\/\/argentinamunicipal.com.ar\/argentina\/mega-fiesta-la-cerveza-la-ex-rural-rosario-17-marzo\/","title":{"rendered":"Mega fiesta de la cerveza en la ex Rural, Rosario, 17 de marzo"},"content":{"rendered":"<p><a href=\"http:\/\/argentinamunicipal.com.ar\/argentina\/wp-content\/uploads\/2016\/03\/135076_turismo-y-eventos.jpg\"><img loading=\"lazy\" decoding=\"async\" class=\"aligncenter size-full wp-image-44499\" src=\"http:\/\/argentinamunicipal.com.ar\/argentina\/wp-content\/uploads\/2016\/03\/135076_turismo-y-eventos.jpg\" alt=\"135076_turismo-y-eventos\" width=\"544\" height=\"293\" srcset=\"http:\/\/argentinamunicipal.com.ar\/argentina\/wp-content\/uploads\/2016\/03\/135076_turismo-y-eventos.jpg 544w, http:\/\/argentinamunicipal.com.ar\/argentina\/wp-content\/uploads\/2016\/03\/135076_turismo-y-eventos-300x162.jpg 300w\" sizes=\"auto, (max-width: 544px) 100vw, 544px\" \/><\/a><br \/>\nEmpresarios gastron\u00f3micos se juntaron para lanzar una serie de festivales que combinar\u00e1n cerveza artesanal con gastronom\u00eda, shows y charlas.<\/p>\n<p>Este a\u00f1o la celebraci\u00f3n de San Patricio en Rosario se trasladar\u00e1 al predio de la ex Rural, donde habr\u00e1 una mega fiesta con m\u00faltiples stands de cervezas tradicionales y artesanales, adem\u00e1s de food trucks y shows en vivo.<\/p>\n<p>Empresarios gastron\u00f3micos de la ciudad conformaron la Rosario Beer Festivals (RBF), una plataforma con la cual buscar\u00e1n darle una nueva impronta a la cervecer\u00eda de la ciudad. En los \u00faltimos a\u00f1os se destaparon decenas de emprendimientos vinculados a las cervezas artesanales, nacieron nuevas marcas locales y llegaron otras de afuera, pero todo quedaba reducido al consumo, fundamentalmente los fines de semana.<\/p>\n<p>La idea de RBF es no quedarse s\u00f3lo con eso, sino complementarlo haciendo foco en lo que hay detr\u00e1s de la cerveza, describiendo la gastronom\u00eda asociada y a\u00f1adi\u00e9ndole una pata cultural. \u00abHabr\u00e1 charlas de concientizaci\u00f3n, espacio gastron\u00f3mico, food trucks, merchandising, bandas y artistas invitados\u00bb, indicaron a punto biz desde la organizaci\u00f3n.<\/p>\n<p>Y el objetivo es imponer este concepto mediante una serie de festivales durante todo el a\u00f1o. El primero es San Patricio, cuya fiesta se celebrar\u00e1 el jueves 17 de marzo de 18 a 3 de la madrugada en el amplio predio de la ex Rural (27 de Febrero y Oro\u00f1o). En breve arrancar\u00e1 la venta de anticipadas que incluir\u00e1n una consumici\u00f3n y la jarra de chop.<\/p>\n<p>Para m\u00e1s adelante se est\u00e1 pensando en una fiesta de la cerveza artesanal, con un estilo similar. \u00abSe apunta hacer eventos inclusivos, que re\u00fanan a los amantes de la cerveza pero tambi\u00e9n a los interesados en los shows y la gastronom\u00eda\u00bb, se\u00f1alaron.<\/p>\n<h6>Fuente: sin Mordaza<\/h6>\n","protected":false},"excerpt":{"rendered":"<p>Empresarios gastron\u00f3micos se juntaron para lanzar una serie de festivales que combinar\u00e1n cerveza artesanal con gastronom\u00eda, shows y charlas. Este a\u00f1o la celebraci\u00f3n de San Patricio en Rosario se trasladar\u00e1 al predio de la ex Rural, donde habr\u00e1 una mega fiesta con m\u00faltiples stands de cervezas tradicionales y artesanales, adem\u00e1s de food trucks y shows<\/p>\n","protected":false},"author":2,"featured_media":44500,"comment_status":"closed","ping_status":"closed","sticky":false,"template":"","format":"standard","meta":{"footnotes":""},"categories":[47],"tags":[10],"class_list":["post-44498","post","type-post","status-publish","format-standard","has-post-thumbnail","hentry","category-fiestas","tag-santa-fe"],"_links":{"self":[{"href":"http:\/\/argentinamunicipal.com.ar\/argentina\/wp-json\/wp\/v2\/posts\/44498","targetHints":{"allow":["GET"]}}],"collection":[{"href":"http:\/\/argentinamunicipal.com.ar\/argentina\/wp-json\/wp\/v2\/posts"}],"about":[{"href":"http:\/\/argentinamunicipal.com.ar\/argentina\/wp-json\/wp\/v2\/types\/post"}],"author":[{"embeddable":true,"href":"http:\/\/argentinamunicipal.com.ar\/argentina\/wp-json\/wp\/v2\/users\/2"}],"replies":[{"embeddable":true,"href":"http:\/\/argentinamunicipal.com.ar\/argentina\/wp-json\/wp\/v2\/comments?post=44498"}],"version-history":[{"count":0,"href":"http:\/\/argentinamunicipal.com.ar\/argentina\/wp-json\/wp\/v2\/posts\/44498\/revisions"}],"wp:featuredmedia":[{"embeddable":true,"href":"http:\/\/argentinamunicipal.com.ar\/argentina\/wp-json\/wp\/v2\/media\/44500"}],"wp:attachment":[{"href":"http:\/\/argentinamunicipal.com.ar\/argentina\/wp-json\/wp\/v2\/media?parent=44498"}],"wp:term":[{"taxonomy":"category","embeddable":true,"href":"http:\/\/argentinamunicipal.com.ar\/argentina\/wp-json\/wp\/v2\/categories?post=44498"},{"taxonomy":"post_tag","embeddable":true,"href":"http:\/\/argentinamunicipal.com.ar\/argentina\/wp-json\/wp\/v2\/tags?post=44498"}],"curies":[{"name":"wp","href":"https:\/\/api.w.org\/{rel}","templated":true}]}}