{"id":44509,"date":"2016-03-15T06:41:37","date_gmt":"2016-03-15T09:41:37","guid":{"rendered":"http:\/\/argentinamunicipal.com.ar\/argentina\/?p=44509"},"modified":"2016-03-15T06:41:37","modified_gmt":"2016-03-15T09:41:37","slug":"intendentes-azul-olavarria-las-flores-monte-piden-macri-obras-la-ruta-3","status":"publish","type":"post","link":"http:\/\/argentinamunicipal.com.ar\/argentina\/intendentes-azul-olavarria-las-flores-monte-piden-macri-obras-la-ruta-3\/","title":{"rendered":"Intendentes de Azul, Olavarr\u00eda, Las Flores y Monte piden a Macri por obras en la Ruta 3"},"content":{"rendered":"<p><a href=\"http:\/\/argentinamunicipal.com.ar\/argentina\/wp-content\/uploads\/2016\/03\/bbx_318607480_ruta.jpg\"><img loading=\"lazy\" decoding=\"async\" class=\"aligncenter  wp-image-44510\" src=\"http:\/\/argentinamunicipal.com.ar\/argentina\/wp-content\/uploads\/2016\/03\/bbx_318607480_ruta.jpg\" alt=\"bbx_318607480_ruta\" width=\"640\" height=\"463\" srcset=\"http:\/\/argentinamunicipal.com.ar\/argentina\/wp-content\/uploads\/2016\/03\/bbx_318607480_ruta.jpg 800w, http:\/\/argentinamunicipal.com.ar\/argentina\/wp-content\/uploads\/2016\/03\/bbx_318607480_ruta-300x217.jpg 300w, http:\/\/argentinamunicipal.com.ar\/argentina\/wp-content\/uploads\/2016\/03\/bbx_318607480_ruta-768x556.jpg 768w\" sizes=\"auto, (max-width: 640px) 100vw, 640px\" \/><\/a><\/p>\n<p>Los alcaldes mantendr\u00e1 un encuentro este martes para avanzar en la conformaci\u00f3n de una comisi\u00f3n para fortalecer el reclamo regional por una autov\u00eda en la ruta nacional 3 y, en ese sentido, solicitar una audiencia con el Presidente Mauricio Macri.<\/p>\n<p>Los jefes comunales pedir\u00e1n ser recibidos por el mandatario nacional\u00a0y as\u00ed solicitar por la construcci\u00f3n de la autov\u00eda, consign\u00f3 el diario El Tiempo de Azul. D\u00edas atr\u00e1s, el Intendente de Azul, Hern\u00e1n Bertellys, se reuni\u00f3 con su par de Olavarr\u00eda, Ezequiel Galli, y analizaron reforzar el pedido por la autov\u00eda.<\/p>\n<p>Bertellys y Galli coincidieron en la necesidad de conformar una comisi\u00f3n de trabajo entre las localidades que integran el cord\u00f3n de la Ruta 3 y que hace a\u00f1os est\u00e1n haciendo la solicitud por la obra. Por ello, el martes se reunir\u00e1n en Las Flores Bertellys, Galli, el anfitri\u00f3n, Ram\u00f3n Canosa, y Sandra Mayol, a cargo del Ejecutivo municipal en Monte.<\/p>\n<p>El objetivo de la entrevista ser\u00e1 poder concretar una audiencia con el Presidente Mauricio Macri o con el ministro de Transporte de la Naci\u00f3n, Guillermo Dietrich, para solicitar en forma aunada la construcci\u00f3n de una autov\u00eda en el tramo de la Ruta Nacional 3 que une Azul con Monte.<\/p>\n<h6>Fuente: La Noticia 1.com<\/h6>\n","protected":false},"excerpt":{"rendered":"<p>Los alcaldes mantendr\u00e1 un encuentro este martes para avanzar en la conformaci\u00f3n de una comisi\u00f3n para fortalecer el reclamo regional por una autov\u00eda en la ruta nacional 3 y, en ese sentido, solicitar una audiencia con el Presidente Mauricio Macri. Los jefes comunales pedir\u00e1n ser recibidos por el mandatario nacional\u00a0y as\u00ed solicitar por la construcci\u00f3n<\/p>\n","protected":false},"author":2,"featured_media":44510,"comment_status":"closed","ping_status":"closed","sticky":false,"template":"","format":"standard","meta":{"footnotes":""},"categories":[2],"tags":[12],"class_list":["post-44509","post","type-post","status-publish","format-standard","has-post-thumbnail","hentry","category-informe-municipal","tag-buenos-aires"],"_links":{"self":[{"href":"http:\/\/argentinamunicipal.com.ar\/argentina\/wp-json\/wp\/v2\/posts\/44509","targetHints":{"allow":["GET"]}}],"collection":[{"href":"http:\/\/argentinamunicipal.com.ar\/argentina\/wp-json\/wp\/v2\/posts"}],"about":[{"href":"http:\/\/argentinamunicipal.com.ar\/argentina\/wp-json\/wp\/v2\/types\/post"}],"author":[{"embeddable":true,"href":"http:\/\/argentinamunicipal.com.ar\/argentina\/wp-json\/wp\/v2\/users\/2"}],"replies":[{"embeddable":true,"href":"http:\/\/argentinamunicipal.com.ar\/argentina\/wp-json\/wp\/v2\/comments?post=44509"}],"version-history":[{"count":0,"href":"http:\/\/argentinamunicipal.com.ar\/argentina\/wp-json\/wp\/v2\/posts\/44509\/revisions"}],"wp:featuredmedia":[{"embeddable":true,"href":"http:\/\/argentinamunicipal.com.ar\/argentina\/wp-json\/wp\/v2\/media\/44510"}],"wp:attachment":[{"href":"http:\/\/argentinamunicipal.com.ar\/argentina\/wp-json\/wp\/v2\/media?parent=44509"}],"wp:term":[{"taxonomy":"category","embeddable":true,"href":"http:\/\/argentinamunicipal.com.ar\/argentina\/wp-json\/wp\/v2\/categories?post=44509"},{"taxonomy":"post_tag","embeddable":true,"href":"http:\/\/argentinamunicipal.com.ar\/argentina\/wp-json\/wp\/v2\/tags?post=44509"}],"curies":[{"name":"wp","href":"https:\/\/api.w.org\/{rel}","templated":true}]}}