{"id":44527,"date":"2016-03-15T07:02:01","date_gmt":"2016-03-15T10:02:01","guid":{"rendered":"http:\/\/argentinamunicipal.com.ar\/argentina\/?p=44527"},"modified":"2016-03-15T07:02:01","modified_gmt":"2016-03-15T10:02:01","slug":"san-justo-municipios-buscan-reactivar-proyecto-conjunto-vertedero-regional","status":"publish","type":"post","link":"http:\/\/argentinamunicipal.com.ar\/argentina\/san-justo-municipios-buscan-reactivar-proyecto-conjunto-vertedero-regional\/","title":{"rendered":"San Justo: municipios buscan reactivar el proyecto conjunto de un vertedero regional"},"content":{"rendered":"<p><a href=\"http:\/\/argentinamunicipal.com.ar\/argentina\/wp-content\/uploads\/2016\/03\/230562_img.jpg\"><img loading=\"lazy\" decoding=\"async\" class=\"aligncenter  wp-image-44528\" src=\"http:\/\/argentinamunicipal.com.ar\/argentina\/wp-content\/uploads\/2016\/03\/230562_img.jpg\" alt=\"230562_img\" width=\"658\" height=\"395\" srcset=\"http:\/\/argentinamunicipal.com.ar\/argentina\/wp-content\/uploads\/2016\/03\/230562_img.jpg 870w, http:\/\/argentinamunicipal.com.ar\/argentina\/wp-content\/uploads\/2016\/03\/230562_img-300x180.jpg 300w, http:\/\/argentinamunicipal.com.ar\/argentina\/wp-content\/uploads\/2016\/03\/230562_img-768x461.jpg 768w\" sizes=\"auto, (max-width: 658px) 100vw, 658px\" \/><\/a><br \/>\nEl titular del Eremnec, Carlos Baigorria, anticip\u00f3 que buscan financiamiento federal o provincial para construir una alternativa sustentable que permita erradicar los basurales a cielo abierto de la zona.<\/p>\n<p>El presidente del Ente Regional de Estados Municipales del Nordeste Cordob\u00e9s (Eremnec), Carlos Baigorria, ratific\u00f3 la voluntad de las localidades de la regi\u00f3n de contar con un vertedero com\u00fan para la disposici\u00f3n final de los residuos urbanos. Baigorria manifest\u00f3 que se encarar\u00e1n gestiones para obtener el financiamiento necesario para materializar el proyecto que lleva m\u00e1s de una d\u00e9cada y media sin poder concretarse.<\/p>\n<p>La b\u00fasqueda de recursos apunta a obtener apoyo del Gobierno provincial y de la Naci\u00f3n. Aunque un poco m\u00e1s lejana, tambi\u00e9n est\u00e1 abierta la posibilidad para acceder a cr\u00e9ditos internacionales. \u201cTodo est\u00e1 sujeto al caudal de recursos que se puedan lograr y ver qu\u00e9 financiamiento desde el sector externo, porque hay l\u00edneas crediticias para que se puedan producir estos cambios\u201d, afirm\u00f3.<\/p>\n<p>En declaraciones a Universal Medios, el intendente de Porte\u00f1a expres\u00f3: \u201cExiste un inter\u00e9s genuino de los municipios, el nuestro inclusive, de dar por terminados los basurales a cielo abierto, para constituir un vertedero regional u otro sistema que t\u00e9cnicamente se adapte a las necesidades\u201d.<\/p>\n<p>Inicialmente, el proyecto consist\u00eda en un predio de disposici\u00f3n controlada en Porte\u00f1a, dos estaciones de transferencia, en Morteros y Balnearia, y el equipamiento de apoyo necesario para la log\u00edstica y operaci\u00f3n del Baigorria admiti\u00f3 que probablemente se deber\u00e1 cambiar el emplazamiento del vertedero, ya que el que fue elegido est\u00e1 cerca de la zona urbana.<\/p>\n<p>\u201cCreemos que debemos avanzar en la materia. Ya es hora de poner los puntos sobre las \u00edes. Tenemos que dar un paso cualitativo porque sabemos que la contaminaci\u00f3n ambiental tambi\u00e9n es una cosa que tenemos que resolverla de fondo\u201d, argument\u00f3 el titular del ente asociativo regional.<\/p>\n<p>El Programa \u201cC\u00f3rdoba Limpia\u201d fue creado por el gobernador Jos\u00e9 Manuel De la Sota en 1999, con el objetivo de solucionar la problem\u00e1tica generada por la innumerable cantidad de basurales a cielo abierto. Contemplaba construir vertederos regionales para recibir los residuos domiciliarios de varias localidades, impulsando su manejo racional en el paso previo al traslado a los vertederos.<\/p>\n<p>En 2006, a trav\u00e9s de \u201cEmprendimientos de la Regi\u00f3n de Ansenuza\u201d Sociedad del Estado, una empresa conformada por los municipios asociados al Eremnec, comenzaron gestiones con el objetivo de comprar el terreno para el vertedero regional controlado.<\/p>\n<p>En febrero de 2007 se adquiri\u00f3 una parcela de 19,4 hect\u00e1reas ubicadas al norte de Porte\u00f1a, con un costo de 200 mil d\u00f3lares. La mitad del valor de la compra fue costeado en forma proporcional al n\u00famero de habitantes por los municipios participantes del proyecto. Del resto de la inversi\u00f3n se hizo cargo el Gobierno provincial.<\/p>\n<p>En noviembre de 2011, el por entonces ministro de Agua, Energ\u00eda y Ambiente, Manuel Calvo, anunci\u00f3 que el proyecto de vertedero regional quedaba descartado por motivos econ\u00f3micos.<\/p>\n<p>En julio de 2014, el secretario de Ambiente de aquel momento Germ\u00e1n Pratto, se manifest\u00f3 a favor de reflotar la idea pero no lleg\u00f3 a concretarlo. Estas idas y vueltano han hecho m\u00e1s que agravar los problemas derivados del crecimiento poblacional y econ\u00f3mico de la regi\u00f3n. que se expresa en una mayor generaci\u00f3n de residuos urbanos.<\/p>\n<h6>Fuente: la Ma\u00f1ana de C\u00f3rdoba<\/h6>\n","protected":false},"excerpt":{"rendered":"<p>El titular del Eremnec, Carlos Baigorria, anticip\u00f3 que buscan financiamiento federal o provincial para construir una alternativa sustentable que permita erradicar los basurales a cielo abierto de la zona. El presidente del Ente Regional de Estados Municipales del Nordeste Cordob\u00e9s (Eremnec), Carlos Baigorria, ratific\u00f3 la voluntad de las localidades de la regi\u00f3n de contar con<\/p>\n","protected":false},"author":2,"featured_media":44528,"comment_status":"closed","ping_status":"closed","sticky":false,"template":"","format":"standard","meta":{"footnotes":""},"categories":[2],"tags":[3],"class_list":["post-44527","post","type-post","status-publish","format-standard","has-post-thumbnail","hentry","category-informe-municipal","tag-cordoba"],"_links":{"self":[{"href":"http:\/\/argentinamunicipal.com.ar\/argentina\/wp-json\/wp\/v2\/posts\/44527","targetHints":{"allow":["GET"]}}],"collection":[{"href":"http:\/\/argentinamunicipal.com.ar\/argentina\/wp-json\/wp\/v2\/posts"}],"about":[{"href":"http:\/\/argentinamunicipal.com.ar\/argentina\/wp-json\/wp\/v2\/types\/post"}],"author":[{"embeddable":true,"href":"http:\/\/argentinamunicipal.com.ar\/argentina\/wp-json\/wp\/v2\/users\/2"}],"replies":[{"embeddable":true,"href":"http:\/\/argentinamunicipal.com.ar\/argentina\/wp-json\/wp\/v2\/comments?post=44527"}],"version-history":[{"count":0,"href":"http:\/\/argentinamunicipal.com.ar\/argentina\/wp-json\/wp\/v2\/posts\/44527\/revisions"}],"wp:featuredmedia":[{"embeddable":true,"href":"http:\/\/argentinamunicipal.com.ar\/argentina\/wp-json\/wp\/v2\/media\/44528"}],"wp:attachment":[{"href":"http:\/\/argentinamunicipal.com.ar\/argentina\/wp-json\/wp\/v2\/media?parent=44527"}],"wp:term":[{"taxonomy":"category","embeddable":true,"href":"http:\/\/argentinamunicipal.com.ar\/argentina\/wp-json\/wp\/v2\/categories?post=44527"},{"taxonomy":"post_tag","embeddable":true,"href":"http:\/\/argentinamunicipal.com.ar\/argentina\/wp-json\/wp\/v2\/tags?post=44527"}],"curies":[{"name":"wp","href":"https:\/\/api.w.org\/{rel}","templated":true}]}}