{"id":44530,"date":"2016-03-15T07:08:25","date_gmt":"2016-03-15T10:08:25","guid":{"rendered":"http:\/\/argentinamunicipal.com.ar\/argentina\/?p=44530"},"modified":"2016-03-15T07:08:25","modified_gmt":"2016-03-15T10:08:25","slug":"escandalo-no-volvio-sesionar-concejo-sastre","status":"publish","type":"post","link":"http:\/\/argentinamunicipal.com.ar\/argentina\/escandalo-no-volvio-sesionar-concejo-sastre\/","title":{"rendered":"Por un esc\u00e1ndalo no volvi\u00f3 a sesionar el Concejo de Sastre"},"content":{"rendered":"<p><a href=\"http:\/\/argentinamunicipal.com.ar\/argentina\/wp-content\/uploads\/2016\/03\/LR1701.jpg_88717827.jpg\"><img loading=\"lazy\" decoding=\"async\" class=\"aligncenter size-full wp-image-44531\" src=\"http:\/\/argentinamunicipal.com.ar\/argentina\/wp-content\/uploads\/2016\/03\/LR1701.jpg_88717827.jpg\" alt=\"LR1701.jpg_88717827\" width=\"621\" height=\"465\" srcset=\"http:\/\/argentinamunicipal.com.ar\/argentina\/wp-content\/uploads\/2016\/03\/LR1701.jpg_88717827.jpg 621w, http:\/\/argentinamunicipal.com.ar\/argentina\/wp-content\/uploads\/2016\/03\/LR1701.jpg_88717827-300x225.jpg 300w\" sizes=\"auto, (max-width: 621px) 100vw, 621px\" \/><\/a><br \/>\nRuptura en la conducci\u00f3n local. Una doble interpretaci\u00f3n del reglamento impidi\u00f3 elegir autoridades. Hoy hay dos presidentes y tensi\u00f3n extrema en los bloques.<\/p>\n<p>Sin soluciones a la vista, hace unos d\u00edas se inscribi\u00f3 un nuevo cap\u00edtulo en el conflicto pol\u00edtico que impide la conformaci\u00f3n del Concejo de Sastre. A ra\u00edz de las disidencias planteadas para concretar la sesi\u00f3n preparatoria un detalle t\u00e9cnico deriv\u00f3 en un largo conflicto pol\u00edtico con ribetes de esc\u00e1ndalo, que impide el funcionamiento institucional del cuerpo.<\/p>\n<p>El proceso para elegir autoridades tiene dos relatos distintos, seg\u00fan los argumentos de las fuerzas que conforman el Concejo, que llevaron a que el organismo tenga hoy dos presidentes y una ruptura entre las facciones pol\u00edticas que no permite sesionar.<\/p>\n<p>Todo comenz\u00f3 en la reuni\u00f3n preparatoria que comenz\u00f3 el 2 de diciembre de 2015 y que, tras un cuarto intermedio, culmin\u00f3 el 4 de ese mes. En esa sesi\u00f3n se analizaron y aprobaron los diplomas de los tres ediles electos y luego se eligieron las autoridades a trav\u00e9s del voto de los integrantes. Ante el empate de los candidatos a presidir el cuerpo, el concejal Albino Moreno (Frente para la Victoria) asumi\u00f3 que, tal como lo indica el reglamento, al ser el miembro de mayor edad era quien presid\u00eda esa sesi\u00f3n y desempat\u00f3 usando el doble voto a su favor.<\/p>\n<p>Seg\u00fan el bloque del FpV, los ediles Oscar Calgiero, Susana Bruno y Edgardo Figueroa del Frente Progresista (FPCyS), \u00abluego de ver el resultado de la elecci\u00f3n se retiraron del Concejo, negaron esa sesi\u00f3n y por eso no se pudo tomar juramento a los ediles entrantes\u00bb.<\/p>\n<p><strong>Controversias.<\/strong> Al inicio de la sesi\u00f3n del jueves 10 de diciembre, en la que deb\u00edan jurar y asumir los ediles, Bruno y Figueroa del FPCyS y Moreno del FpVEM comenzaron las intensas discusiones sobre qui\u00e9n deb\u00eda presidir la sesi\u00f3n. A\u00fan la entonces presidenta del cuerpo, Paola Lemos (FpV), no hab\u00eda delegado su mandato pero se puso en dudas si el mismo ya hab\u00eda concluido. Fue entonces cuando el ingresante Moreno reclam\u00f3 el cargo ya que as\u00ed se hab\u00eda votado en la sesi\u00f3n preparatoria. Ello consta en un acta firmada por la secretaria del cuerpo y en el audio de la sesi\u00f3n.<\/p>\n<p>Esa situaci\u00f3n fue negada por Cagliero quien desconoci\u00f3 la votaci\u00f3n y reclam\u00f3 la presidencia por ser el edil de mayor edad en funciones. En ese contexto la tensi\u00f3n fue en aumento y se sumaron a la discusi\u00f3n los concejales salientes y quienes deben jurar por sus respectivas bancas: Moreno, Bruno y Figueroa.<\/p>\n<p>Luego de m\u00e1s de una hora de acalorada discusi\u00f3n, gritos, chicanas y hasta amenazas cruzadas y ante un p\u00fablico azorado por la situaci\u00f3n, la sesi\u00f3n pas\u00f3 a un cuarto intermedio por la imposibilidad de realizar la ceremonia de asunci\u00f3n.<\/p>\n<p>Ese mismo d\u00eda asumi\u00f3 la intendenta electa, Mar\u00eda del Carmen Amero (FPCyS), ante el edil Cagliero, quien fue proclamado al frente de la presidencia del Concejo por su bloque, por ser el edil de mayor edad en funciones. El 23 de diciembre, Moreno utiliz\u00f3 el mismo m\u00e9todo para jurar y tomar posesi\u00f3n del cargo de concejal: lo hizo ante escribano p\u00fablico y sus pares Reccia y Galliano.<\/p>\n<p>Hace dos semanas Cagliero convoc\u00f3 a una reuni\u00f3n preparatoria previa a la apertura de sesiones ordinarias. Como los justicialistas no reconocen la autoridad de Cagliero no asistieron a la cita por lo que el l\u00edder del bloque del FPCyS, acompa\u00f1ado por un asesor jur\u00eddico, sus pares de bloque, la intendenta e integrantes del Ejecutivo, efectu\u00f3 una sesi\u00f3n simb\u00f3lica sin qu\u00f3rum, en la que convoc\u00f3 a una nueva reuni\u00f3n para hoy martes.<\/p>\n<p>\u00abEsperemos que en la pr\u00f3xima podamos hacer la sesi\u00f3n y as\u00ed tener el Concejo al servicio del pueblo\u00bb, afirm\u00f3 Cagliero, quien anticip\u00f3 sanciones, y dijo que convocar\u00e1 a la fuerza p\u00fablica para el caso de que se repita la inasistencia del bloque opositor.<\/p>\n<p><strong>\u00abCalamitoso\u00bb<\/strong>. En la reuni\u00f3n Cagliero repas\u00f3 junto a su asesor hechos que consider\u00f3 \u00abcalamitosos\u00bb entre los que mencion\u00f3 que \u00abel edil Reccia le tom\u00f3 juramento al concejal Moreno, en un acto que roza lo il\u00edcito, ya que no hab\u00eda qu\u00f3rum y estaban s\u00f3lo Reccia, Galliano y Moreno. No fueron notificados los dem\u00e1s ediles electos ni yo, como concejal en funci\u00f3n\u00bb.<\/p>\n<p>En ese marco, indic\u00f3: \u00abel Concejo es un \u00f3rgano colegiado, est\u00e1 integrado por varios miembros y todos tienen que participar y estar enterados de lo que ocurre. Esa toma de juramento fue un acto furtivo a escondidas de los ediles, y peor a\u00fan, a espaldas del pueblo\u00bb.<\/p>\n<p>Por su parte Moreno y su bloque, aseguran que \u00abpese a los reiterados llamados a la reflexi\u00f3n los ediles oficialistas hicieron caso omiso y contin\u00faan en la postura de negar lo legalmente actuado produciendo as\u00ed un golpe institucional\u00bb. \u00abEsto lesiona a la democracia y a nuestra poblaci\u00f3n\u00bb, indicaron desde el bloque opositor y aseguraron que recurrir\u00e1n al Tribunal Electoral para reclamar por sus bancas y, en su caso, no descartan judicializar el asunto.<\/p>\n<h6>Fuente: La capital, Rosario<\/h6>\n","protected":false},"excerpt":{"rendered":"<p>Ruptura en la conducci\u00f3n local. Una doble interpretaci\u00f3n del reglamento impidi\u00f3 elegir autoridades. Hoy hay dos presidentes y tensi\u00f3n extrema en los bloques. Sin soluciones a la vista, hace unos d\u00edas se inscribi\u00f3 un nuevo cap\u00edtulo en el conflicto pol\u00edtico que impide la conformaci\u00f3n del Concejo de Sastre. A ra\u00edz de las disidencias planteadas para<\/p>\n","protected":false},"author":2,"featured_media":44531,"comment_status":"closed","ping_status":"closed","sticky":false,"template":"","format":"standard","meta":{"footnotes":""},"categories":[4],"tags":[10],"class_list":["post-44530","post","type-post","status-publish","format-standard","has-post-thumbnail","hentry","category-informe-politico","tag-santa-fe"],"_links":{"self":[{"href":"http:\/\/argentinamunicipal.com.ar\/argentina\/wp-json\/wp\/v2\/posts\/44530","targetHints":{"allow":["GET"]}}],"collection":[{"href":"http:\/\/argentinamunicipal.com.ar\/argentina\/wp-json\/wp\/v2\/posts"}],"about":[{"href":"http:\/\/argentinamunicipal.com.ar\/argentina\/wp-json\/wp\/v2\/types\/post"}],"author":[{"embeddable":true,"href":"http:\/\/argentinamunicipal.com.ar\/argentina\/wp-json\/wp\/v2\/users\/2"}],"replies":[{"embeddable":true,"href":"http:\/\/argentinamunicipal.com.ar\/argentina\/wp-json\/wp\/v2\/comments?post=44530"}],"version-history":[{"count":0,"href":"http:\/\/argentinamunicipal.com.ar\/argentina\/wp-json\/wp\/v2\/posts\/44530\/revisions"}],"wp:featuredmedia":[{"embeddable":true,"href":"http:\/\/argentinamunicipal.com.ar\/argentina\/wp-json\/wp\/v2\/media\/44531"}],"wp:attachment":[{"href":"http:\/\/argentinamunicipal.com.ar\/argentina\/wp-json\/wp\/v2\/media?parent=44530"}],"wp:term":[{"taxonomy":"category","embeddable":true,"href":"http:\/\/argentinamunicipal.com.ar\/argentina\/wp-json\/wp\/v2\/categories?post=44530"},{"taxonomy":"post_tag","embeddable":true,"href":"http:\/\/argentinamunicipal.com.ar\/argentina\/wp-json\/wp\/v2\/tags?post=44530"}],"curies":[{"name":"wp","href":"https:\/\/api.w.org\/{rel}","templated":true}]}}