{"id":44551,"date":"2016-03-15T07:46:25","date_gmt":"2016-03-15T10:46:25","guid":{"rendered":"http:\/\/argentinamunicipal.com.ar\/argentina\/?p=44551"},"modified":"2016-03-15T07:46:25","modified_gmt":"2016-03-15T10:46:25","slug":"chajari-buscan-conformar-una-direccion-municipal-veteranos-malvinas","status":"publish","type":"post","link":"http:\/\/argentinamunicipal.com.ar\/argentina\/chajari-buscan-conformar-una-direccion-municipal-veteranos-malvinas\/","title":{"rendered":"En Chajar\u00ed buscan conformar una direcci\u00f3n municipal de Veteranos de Malvinas"},"content":{"rendered":"<p><a href=\"http:\/\/argentinamunicipal.com.ar\/argentina\/wp-content\/uploads\/2016\/03\/o_1458000676.jpg\"><img loading=\"lazy\" decoding=\"async\" class=\"aligncenter  wp-image-44552\" src=\"http:\/\/argentinamunicipal.com.ar\/argentina\/wp-content\/uploads\/2016\/03\/o_1458000676.jpg\" alt=\"o_1458000676\" width=\"690\" height=\"388\" srcset=\"http:\/\/argentinamunicipal.com.ar\/argentina\/wp-content\/uploads\/2016\/03\/o_1458000676.jpg 800w, http:\/\/argentinamunicipal.com.ar\/argentina\/wp-content\/uploads\/2016\/03\/o_1458000676-300x169.jpg 300w, http:\/\/argentinamunicipal.com.ar\/argentina\/wp-content\/uploads\/2016\/03\/o_1458000676-768x432.jpg 768w\" sizes=\"auto, (max-width: 690px) 100vw, 690px\" \/><\/a><br \/>\nEl objetivo del organismo ser\u00e1 la coordinaci\u00f3n de actividades y, principalmente, armar un archivo hist\u00f3rico. \u00abNo hay material did\u00e1ctico, queremos que las escuelas accedan a la historia\u00bb, dijo un representante.<br \/>\nComentarios Enviar Imprimir<\/p>\n<p>Jos\u00e9 Alberto \u00abBeto\u00bb Aguirre, uno de los referentes de los ex combatientes de Malvinas en Chajar\u00ed, se refiri\u00f3 a la posible creaci\u00f3n de una Asociaci\u00f3n de Veteranos de Guerra en dicha localidad y asegur\u00f3 que \u00abse viene intentando conformar hace un tiempo, y tendr\u00eda que la funci\u00f3n de coordinar las actividades del veterano de guerra, por ejemplo armar un archivo hist\u00f3rico, para lo cual se donar\u00edan muchas cosas, muchos documentos que tenemos de lo que es Malvinas, pero no s\u00f3lo de la guerra, sino lo previo y posterior, todos los convenios que se firmaron con Gran Breta\u00f1a, y con otros pa\u00edses que trabajaron en pos de buscarle soluci\u00f3n a ese conflicto\u00bb.<\/p>\n<p>Adem\u00e1s aclar\u00f3 que \u00abMalvinas es mucho m\u00e1s que el 2 de abril, y tiene un sentimiento nacional que no se debe perder, porque cuando vamos a dar una charla a las escuelas, nos encontramos con que no hay material did\u00e1ctico, por ejemplo no hay mapas pol\u00edticos de las Islas, y no existen, siendo que hace m\u00e1s de 8 a\u00f1os que se firm\u00f3 un acuerdo para que las escuelas cuenten con este material\u00bb. En este sentido remarc\u00f3 que la idea fundamental de esta direcci\u00f3n, \u00abes crear un archivo de Malvinas, porque nosotros somos todos grandes y vamos a pasar por esta vida, pero la idea es que esto quede, siempre dependiendo del municipio, independientemente del partido pol\u00edtico que gobierne, y sea dirigido por un veterano de guerra, que ser\u00e1 elegido por el intendente entre una terna que ser\u00e1 propuesta por nosotros\u00bb.<\/p>\n<p>Para llevar adelante este proyecto, los veteranos de guerra se entrevistaron con el municipio, \u00abhablamos con el intendente y con los concejales, tanto del oficialismo, como del Frente para la Victoria, as\u00ed que le vamos dando forma\u00bb dijo.<\/p>\n<h6>Fuente: El Once<\/h6>\n","protected":false},"excerpt":{"rendered":"<p>El objetivo del organismo ser\u00e1 la coordinaci\u00f3n de actividades y, principalmente, armar un archivo hist\u00f3rico. \u00abNo hay material did\u00e1ctico, queremos que las escuelas accedan a la historia\u00bb, dijo un representante. Comentarios Enviar Imprimir Jos\u00e9 Alberto \u00abBeto\u00bb Aguirre, uno de los referentes de los ex combatientes de Malvinas en Chajar\u00ed, se refiri\u00f3 a la posible creaci\u00f3n<\/p>\n","protected":false},"author":2,"featured_media":44552,"comment_status":"closed","ping_status":"closed","sticky":false,"template":"","format":"standard","meta":{"footnotes":""},"categories":[2],"tags":[17],"class_list":["post-44551","post","type-post","status-publish","format-standard","has-post-thumbnail","hentry","category-informe-municipal","tag-entre-rios"],"_links":{"self":[{"href":"http:\/\/argentinamunicipal.com.ar\/argentina\/wp-json\/wp\/v2\/posts\/44551","targetHints":{"allow":["GET"]}}],"collection":[{"href":"http:\/\/argentinamunicipal.com.ar\/argentina\/wp-json\/wp\/v2\/posts"}],"about":[{"href":"http:\/\/argentinamunicipal.com.ar\/argentina\/wp-json\/wp\/v2\/types\/post"}],"author":[{"embeddable":true,"href":"http:\/\/argentinamunicipal.com.ar\/argentina\/wp-json\/wp\/v2\/users\/2"}],"replies":[{"embeddable":true,"href":"http:\/\/argentinamunicipal.com.ar\/argentina\/wp-json\/wp\/v2\/comments?post=44551"}],"version-history":[{"count":0,"href":"http:\/\/argentinamunicipal.com.ar\/argentina\/wp-json\/wp\/v2\/posts\/44551\/revisions"}],"wp:featuredmedia":[{"embeddable":true,"href":"http:\/\/argentinamunicipal.com.ar\/argentina\/wp-json\/wp\/v2\/media\/44552"}],"wp:attachment":[{"href":"http:\/\/argentinamunicipal.com.ar\/argentina\/wp-json\/wp\/v2\/media?parent=44551"}],"wp:term":[{"taxonomy":"category","embeddable":true,"href":"http:\/\/argentinamunicipal.com.ar\/argentina\/wp-json\/wp\/v2\/categories?post=44551"},{"taxonomy":"post_tag","embeddable":true,"href":"http:\/\/argentinamunicipal.com.ar\/argentina\/wp-json\/wp\/v2\/tags?post=44551"}],"curies":[{"name":"wp","href":"https:\/\/api.w.org\/{rel}","templated":true}]}}