{"id":44557,"date":"2016-03-15T07:54:00","date_gmt":"2016-03-15T10:54:00","guid":{"rendered":"http:\/\/argentinamunicipal.com.ar\/argentina\/?p=44557"},"modified":"2016-03-15T07:54:00","modified_gmt":"2016-03-15T10:54:00","slug":"villa-carlos-paz-comenzaran-medir-la-emision-los-gases-producen-efecto-invernadero","status":"publish","type":"post","link":"http:\/\/argentinamunicipal.com.ar\/argentina\/villa-carlos-paz-comenzaran-medir-la-emision-los-gases-producen-efecto-invernadero\/","title":{"rendered":"En Villa Carlos Paz comenzar\u00e1n a medir la emisi\u00f3n de los gases que producen el efecto invernadero"},"content":{"rendered":"<p><a href=\"http:\/\/argentinamunicipal.com.ar\/argentina\/wp-content\/uploads\/2016\/03\/2_278.jpg\"><img loading=\"lazy\" decoding=\"async\" class=\"aligncenter  wp-image-44558\" src=\"http:\/\/argentinamunicipal.com.ar\/argentina\/wp-content\/uploads\/2016\/03\/2_278.jpg\" alt=\"2_278\" width=\"574\" height=\"322\" srcset=\"http:\/\/argentinamunicipal.com.ar\/argentina\/wp-content\/uploads\/2016\/03\/2_278.jpg 1008w, http:\/\/argentinamunicipal.com.ar\/argentina\/wp-content\/uploads\/2016\/03\/2_278-300x168.jpg 300w, http:\/\/argentinamunicipal.com.ar\/argentina\/wp-content\/uploads\/2016\/03\/2_278-768x431.jpg 768w\" sizes=\"auto, (max-width: 574px) 100vw, 574px\" \/><\/a><\/p>\n<p>En el transcurso de esta semana comenzar\u00e1 el estudio integral de los Gases de Efecto Invernadero (GEI) en Villa Carlos Paz, a trav\u00e9s de un proyecto que verificar\u00e1 en primer t\u00e9rmino las emisiones producidas por los veh\u00edculos a motor.<\/p>\n<p>Debe recordarse en este contexto que durante el desarrollo del Plan de la Villa 2020 se aprob\u00f3 la concreci\u00f3n de un programa local de acci\u00f3n clim\u00e1tica y como primer paso de esta pol\u00edtica de Estado, se deben medir las emisiones de GEI en esta ciudad tur\u00edstica.<\/p>\n<p>Para cumplir con este objetivo se firm\u00f3 un convenio con la Universidad Blas Pascal y la Asociaci\u00f3n de Amigos del R\u00edo San Antonio (Adarsa). Tres tesistas de la Licenciatura en Gesti\u00f3n Ambiental aportar\u00e1n su trabajo especializado para determinar la emisi\u00f3n de gases que generan el efecto invernadero de los diferentes veh\u00edculos a motor que circulan en la ciudad.<\/p>\n<p>Con los resultados de estos estudios se generar\u00e1n los lineamientos b\u00e1sicos necesarios para mitigar dichas emisiones. De esta manera, comenzar\u00e1 como pol\u00edtica de Estado la preparaci\u00f3n de la ciudad ante el cambio clim\u00e1tico que vive el pa\u00eds y el mundo entero..<\/p>\n<p>En este primer relevamiento de campo no se har\u00e1 un muestreo directo del aire. Se utilizar\u00e1 un modelo que cuantifica las emisiones liberadas a la atm\u00f3sfera seg\u00fan el tipo de veh\u00edculo (autos particulares, taxis, \u00f3mnibus, camiones, motos), la velocidad, las condiciones de la v\u00eda de circulaci\u00f3n, entre otras caracter\u00edsticas.<\/p>\n<p>En primer lugar se realizar\u00e1n recorridos con un equipo similar a un GPS en los diferentes automotores.<\/p>\n<p>Posteriormente, se filmar\u00e1n las intersecciones m\u00e1s transitadas para obtener informaci\u00f3n sobre la flota vehicular (cantidad y tipo). Luego se realizar\u00e1n encuestas a particulares donde se les consultar\u00e1 sobre las caracter\u00edsticas de sus veh\u00edculos. Por \u00faltimo, se analizar\u00e1 toda la informaci\u00f3n y, a trav\u00e9s del modelo, se obtendr\u00e1 una estimaci\u00f3n de las emisiones de veh\u00edculos motorizados para la ciudad, teniendo en cuenta los factores meteorol\u00f3gicos. Las mediciones se llevar\u00e1n a cabo durante marzo y abril ya que en esta \u00e9poca el resultado ser\u00e1 m\u00e1s representativo de la vida cotidiana.<\/p>\n<h6>Fuente: La Ma\u00f1ana de C\u00f3rdoba<\/h6>\n","protected":false},"excerpt":{"rendered":"<p>En el transcurso de esta semana comenzar\u00e1 el estudio integral de los Gases de Efecto Invernadero (GEI) en Villa Carlos Paz, a trav\u00e9s de un proyecto que verificar\u00e1 en primer t\u00e9rmino las emisiones producidas por los veh\u00edculos a motor. Debe recordarse en este contexto que durante el desarrollo del Plan de la Villa 2020 se<\/p>\n","protected":false},"author":2,"featured_media":44558,"comment_status":"closed","ping_status":"closed","sticky":false,"template":"","format":"standard","meta":{"footnotes":""},"categories":[2],"tags":[3],"class_list":["post-44557","post","type-post","status-publish","format-standard","has-post-thumbnail","hentry","category-informe-municipal","tag-cordoba"],"_links":{"self":[{"href":"http:\/\/argentinamunicipal.com.ar\/argentina\/wp-json\/wp\/v2\/posts\/44557","targetHints":{"allow":["GET"]}}],"collection":[{"href":"http:\/\/argentinamunicipal.com.ar\/argentina\/wp-json\/wp\/v2\/posts"}],"about":[{"href":"http:\/\/argentinamunicipal.com.ar\/argentina\/wp-json\/wp\/v2\/types\/post"}],"author":[{"embeddable":true,"href":"http:\/\/argentinamunicipal.com.ar\/argentina\/wp-json\/wp\/v2\/users\/2"}],"replies":[{"embeddable":true,"href":"http:\/\/argentinamunicipal.com.ar\/argentina\/wp-json\/wp\/v2\/comments?post=44557"}],"version-history":[{"count":0,"href":"http:\/\/argentinamunicipal.com.ar\/argentina\/wp-json\/wp\/v2\/posts\/44557\/revisions"}],"wp:featuredmedia":[{"embeddable":true,"href":"http:\/\/argentinamunicipal.com.ar\/argentina\/wp-json\/wp\/v2\/media\/44558"}],"wp:attachment":[{"href":"http:\/\/argentinamunicipal.com.ar\/argentina\/wp-json\/wp\/v2\/media?parent=44557"}],"wp:term":[{"taxonomy":"category","embeddable":true,"href":"http:\/\/argentinamunicipal.com.ar\/argentina\/wp-json\/wp\/v2\/categories?post=44557"},{"taxonomy":"post_tag","embeddable":true,"href":"http:\/\/argentinamunicipal.com.ar\/argentina\/wp-json\/wp\/v2\/tags?post=44557"}],"curies":[{"name":"wp","href":"https:\/\/api.w.org\/{rel}","templated":true}]}}