{"id":44569,"date":"2016-03-15T08:23:52","date_gmt":"2016-03-15T11:23:52","guid":{"rendered":"http:\/\/argentinamunicipal.com.ar\/argentina\/?p=44569"},"modified":"2016-03-15T08:23:52","modified_gmt":"2016-03-15T11:23:52","slug":"esta-paralizada-atucha-iii-despedirian-1-800-personas","status":"publish","type":"post","link":"http:\/\/argentinamunicipal.com.ar\/argentina\/esta-paralizada-atucha-iii-despedirian-1-800-personas\/","title":{"rendered":"Est\u00e1 paralizada Atucha III y despedir\u00edan a 1.800 personas"},"content":{"rendered":"<p><a href=\"http:\/\/argentinamunicipal.com.ar\/argentina\/wp-content\/uploads\/2016\/03\/2172220w620.jpg\"><img loading=\"lazy\" decoding=\"async\" class=\"aligncenter size-full wp-image-44570\" src=\"http:\/\/argentinamunicipal.com.ar\/argentina\/wp-content\/uploads\/2016\/03\/2172220w620.jpg\" alt=\"2172220w620\" width=\"620\" height=\"466\" srcset=\"http:\/\/argentinamunicipal.com.ar\/argentina\/wp-content\/uploads\/2016\/03\/2172220w620.jpg 620w, http:\/\/argentinamunicipal.com.ar\/argentina\/wp-content\/uploads\/2016\/03\/2172220w620-300x225.jpg 300w\" sizes=\"auto, (max-width: 620px) 100vw, 620px\" \/><\/a><\/p>\n<p>Se fren\u00f3 el proyecto de la central nuclear; los contratistas se lo comunicaron a los empleados; en el Sur crece el conflicto de la usina de R\u00edo Turbio.<\/p>\n<p>Por la par\u00e1lisis de la obra p\u00fablica, miles de empleados de las centrales nucleares de Atucha, en Z\u00e1rate, perciben desde hace dos meses la mitad de su salario. Los coletazos de la crisis tuvieron ayer otra r\u00e9plica: las cinco empresas contratistas a cargo de la planta informaron al personal un plan de ajuste, que contempla dar de baja el proyecto de avanzar con Atucha III y un recorte de personal que se efectivizar\u00e1 a fin de mes con la salida de 1.800 obreros.<\/p>\n<p>En su af\u00e1n de revisar los contratos de las obras que asign\u00f3 la gesti\u00f3n kirchnerista, el Gobierno a\u00fan no dio se\u00f1ales certeras sobre cu\u00e1l ser\u00e1 el futuro de grandes proyectos, como Atucha III o las represas Jorge Cepernic y N\u00e9stor Kirchner, en Santa Cruz, que tambi\u00e9n est\u00e1n virtualmente paralizadas. Ambas iniciativas forman parte del acuerdo comercial que traz\u00f3 en 2015 Cristina Kirchner con China y que ahora est\u00e1 bajo revisi\u00f3n del ministro de Energ\u00eda, Juan Jos\u00e9 Aranguren.<\/p>\n<p>Por el conflicto en Atucha, el gremio de los obreros de la Uocra cort\u00f3 la ruta 9 y amenaza con extender las protestas. La Uocra perder\u00e1 a fin de mes a 1.200 afiliados, pero podr\u00edan ser muchos m\u00e1s cuando se confirme la baja de Atucha III. El viernes pasado, las empresas Vialco SA y Masoero y Asociados ya hab\u00edan despedido a 600 personas afiliadas a la Uni\u00f3n de Empleados de la Construcci\u00f3n (Uecara), otro de los gremios con influencia en las centrales. Por el caso de Uecara ya intervino el Ministerio de Trabajo de la Naci\u00f3n.<\/p>\n<p>\u00abLas empresas constructoras que tienen a su cargo las obras de Atucha anunciaron 1200 despidos a fin de mes como consecuencia de la falta de pago de las certificaciones de obra por parte del gobierno nacional\u00bb, informaron desde la Uocra, que lidera Gerardo Mart\u00ednez.<\/p>\n<p>No es el \u00fanico frente de conflicto que mantiene la Uocra. En Santa Cruz recrudeci\u00f3 la protesta por la paralizaci\u00f3n de las obras de la central termoel\u00e9ctrica de R\u00edo Turbio, donde ya se perdieron 700 puestos de trabajo y ayer se comunicaron otros 220 despidos. Aqu\u00ed, la empresa contratista Isolux denunci\u00f3 que dej\u00f3 de percibir los fondos del Estado.<\/p>\n<p>Por este conflicto, hubo ayer cortes de rutas en Santa Cruz y se bloquearon los cruces fronterizos a Chile. Los activistas de la Uocra lograron el apoyo y la adhesi\u00f3n de los camioneros de Hugo Moyano.<\/p>\n<p>\u00abEn R\u00edo Turbio falta el 10 por ciento para terminar la obra. Hay gente que hace dos meses y medio que no le pagan. No sabemos qu\u00e9 decisi\u00f3n va a tomar el Gobierno con la mina\u00bb, dijo Carlos Moreno, el representante de la Uocra que envi\u00f3 Mart\u00ednez al Sur.<\/p>\n<p><strong>Atrasos en certificaciones<\/strong><\/p>\n<p>Hace dos semanas, el subsecretario de Coordinaci\u00f3n de Obra P\u00fablica Federal, Ricardo Delgado, reconoci\u00f3 los \u00abatrasos en certificados de obra\u00bb y prometi\u00f3 que la situaci\u00f3n se regularizar\u00eda en abril.<\/p>\n<p>En el contexto de los despidos, la construcci\u00f3n es por lejos el sector m\u00e1s perjudicado. Si bien la conducci\u00f3n nacional de la Uocra denunci\u00f3 la p\u00e9rdida de entre 25.000 y 30.000 puestos de trabajo entre diciembre y marzo, el Observatorio del Derecho Social de la CTA Aut\u00f3noma contabiliz\u00f3 las situaciones denunciadas a nivel local por las seccionales del gremio y las c\u00e1maras empresariales, por lo que el n\u00famero ser\u00eda ligeramente menor. La situaci\u00f3n no tiene visos de repuntar hasta que no surjan se\u00f1ales concretas para reactivar la obra p\u00fablica.<\/p>\n<p>Un sector que est\u00e1 en crisis: 30.000 puestos de trabajo<\/p>\n<p>Es la cantidad de empleos que el gremio de la construcci\u00f3n (Uocra) dice que perdi\u00f3 entre diciembre y marzo 1.800 despidos.<\/p>\n<p>Son los que hubo en Santa Cruz en el \u00faltimo trimestre en Austral Construcciones y Kank y Costilla, dos empresas ligadas al kirchnerismo.<\/p>\n<h6>Fuente: El tribuno,\u00a0Salta<\/h6>\n","protected":false},"excerpt":{"rendered":"<p>Se fren\u00f3 el proyecto de la central nuclear; los contratistas se lo comunicaron a los empleados; en el Sur crece el conflicto de la usina de R\u00edo Turbio. Por la par\u00e1lisis de la obra p\u00fablica, miles de empleados de las centrales nucleares de Atucha, en Z\u00e1rate, perciben desde hace dos meses la mitad de su<\/p>\n","protected":false},"author":2,"featured_media":44570,"comment_status":"closed","ping_status":"closed","sticky":false,"template":"","format":"standard","meta":{"footnotes":""},"categories":[8],"tags":[21],"class_list":["post-44569","post","type-post","status-publish","format-standard","has-post-thumbnail","hentry","category-informe-nacional","tag-argentina"],"_links":{"self":[{"href":"http:\/\/argentinamunicipal.com.ar\/argentina\/wp-json\/wp\/v2\/posts\/44569","targetHints":{"allow":["GET"]}}],"collection":[{"href":"http:\/\/argentinamunicipal.com.ar\/argentina\/wp-json\/wp\/v2\/posts"}],"about":[{"href":"http:\/\/argentinamunicipal.com.ar\/argentina\/wp-json\/wp\/v2\/types\/post"}],"author":[{"embeddable":true,"href":"http:\/\/argentinamunicipal.com.ar\/argentina\/wp-json\/wp\/v2\/users\/2"}],"replies":[{"embeddable":true,"href":"http:\/\/argentinamunicipal.com.ar\/argentina\/wp-json\/wp\/v2\/comments?post=44569"}],"version-history":[{"count":0,"href":"http:\/\/argentinamunicipal.com.ar\/argentina\/wp-json\/wp\/v2\/posts\/44569\/revisions"}],"wp:featuredmedia":[{"embeddable":true,"href":"http:\/\/argentinamunicipal.com.ar\/argentina\/wp-json\/wp\/v2\/media\/44570"}],"wp:attachment":[{"href":"http:\/\/argentinamunicipal.com.ar\/argentina\/wp-json\/wp\/v2\/media?parent=44569"}],"wp:term":[{"taxonomy":"category","embeddable":true,"href":"http:\/\/argentinamunicipal.com.ar\/argentina\/wp-json\/wp\/v2\/categories?post=44569"},{"taxonomy":"post_tag","embeddable":true,"href":"http:\/\/argentinamunicipal.com.ar\/argentina\/wp-json\/wp\/v2\/tags?post=44569"}],"curies":[{"name":"wp","href":"https:\/\/api.w.org\/{rel}","templated":true}]}}