{"id":44623,"date":"2016-03-16T08:14:58","date_gmt":"2016-03-16T11:14:58","guid":{"rendered":"http:\/\/argentinamunicipal.com.ar\/argentina\/?p=44623"},"modified":"2016-03-16T08:14:58","modified_gmt":"2016-03-16T11:14:58","slug":"la-canasta-consumo-se-va-achicando","status":"publish","type":"post","link":"http:\/\/argentinamunicipal.com.ar\/argentina\/la-canasta-consumo-se-va-achicando\/","title":{"rendered":"La canasta de consumo se va achicando"},"content":{"rendered":"<p><a href=\"http:\/\/argentinamunicipal.com.ar\/argentina\/wp-content\/uploads\/2016\/03\/supermercado_chango_crop1449586253840_crop1454936108491.jpg\"><img loading=\"lazy\" decoding=\"async\" class=\"aligncenter  wp-image-44624\" src=\"http:\/\/argentinamunicipal.com.ar\/argentina\/wp-content\/uploads\/2016\/03\/supermercado_chango_crop1449586253840_crop1454936108491.jpg\" alt=\"supermercado_chango_crop1449586253840_crop1454936108491\" width=\"698\" height=\"488\" srcset=\"http:\/\/argentinamunicipal.com.ar\/argentina\/wp-content\/uploads\/2016\/03\/supermercado_chango_crop1449586253840_crop1454936108491.jpg 822w, http:\/\/argentinamunicipal.com.ar\/argentina\/wp-content\/uploads\/2016\/03\/supermercado_chango_crop1449586253840_crop1454936108491-300x210.jpg 300w, http:\/\/argentinamunicipal.com.ar\/argentina\/wp-content\/uploads\/2016\/03\/supermercado_chango_crop1449586253840_crop1454936108491-768x537.jpg 768w\" sizes=\"auto, (max-width: 698px) 100vw, 698px\" \/><\/a><br \/>\nEl relevamiento de una consultora internacional sobre la evoluci\u00f3n del consumo detect\u00f3 un quiebre de tendencia desde principios de a\u00f1o, tras la devaluaci\u00f3n y la quita de retenciones.<\/p>\n<p>El consumo de sesenta bienes que componen una canasta b\u00e1sica cay\u00f3 8 por ciento en enero con respecto al mismo mes del a\u00f1o anterior, la mayor baja desde 2002. Esa conclusi\u00f3n present\u00f3 la consultora internacional Kantar Worldpanel en el foro de cadenas regionales que tuvo lugar ayer en Mar del Plata. Ese comportamiento de la demanda es la consecuencia l\u00f3gica de la retracci\u00f3n del poder adquisitivo, particularmente en el segmento m\u00e1s pobre de la poblaci\u00f3n. La cadena de transmisi\u00f3n sigue con la inversi\u00f3n, que tambi\u00e9n est\u00e1 en baja a ra\u00edz de la incertidumbre econ\u00f3mica.<\/p>\n<p>Una secuencia b\u00e1sica de los eventos econ\u00f3micos en el mercado interno consiste en el aumento (o ca\u00edda) del poder adquisitivo, luego el aumento (o ca\u00edda) de la demanda y a partir de ese comportamiento, la respuesta de la inversi\u00f3n empresaria, al alza si se esperan mayores ventas o a la baja si las perspectivas son malas. El encadenamiento de esos acontecimientos en la econom\u00eda argentina qued\u00f3 al desnudo en los \u00faltimos meses.<\/p>\n<p>Una reciente investigaci\u00f3n del Conicet realizada por el Centro de Innovaci\u00f3n de los Trabajadores (Citra-Umet) demostr\u00f3 que desde noviembre de 2015 los hogares humildes perdieron m\u00e1s del doble del poder adquisitivo que los hogares mejor acomodados, de lo que dio cuenta este diario el \u00faltimo lunes. El 10 por ciento m\u00e1s vulnerable de la sociedad registr\u00f3 una ca\u00edda del 23,8 por ciento en su capacidad de compra, mientras que el 10 por ciento de mayores recursos anot\u00f3 una baja del poder adquisitivo del 11,1 por ciento. Esa diferencia se explica esencialmente por el impacto de la suba de los bienes de consumo b\u00e1sico, que tienen mayor peso en el presupuesto de las familias humildes. La fuerte suba de los productos masivos se explica por la devaluaci\u00f3n de la moneda, la eliminaci\u00f3n de retenciones y cupos de exportaci\u00f3n. Tambi\u00e9n la quita de subsidios afecta proporcionalmente m\u00e1s a los sectores de menores ingresos.<\/p>\n<p>El informe que present\u00f3 ayer Kantar Worldpanel da cuenta del impacto de la ca\u00edda del poder adquisitivo sobre el consumo. \u201cEn t\u00e9rminos comparativos, hasta el a\u00f1o pasado el consumo se manten\u00eda estable, sin embargo en enero mostr\u00f3 signos de contracci\u00f3n y una perspectiva similar para los pr\u00f3ximos meses. En un contexto de incrementos de precios e incertidumbre sobre los ingresos futuros, los hogares priorizan estrategias que les permiten optimizar el rendimiento de su dinero: van menos veces a comprar, incorporan marcas propias y buscan promociones\u201d, explic\u00f3 Juan Manuel Primbas, director del Cono Sur de la consultora.<\/p>\n<p>El informe detalla que las menores visitas a los comercios se explican tanto por la ca\u00edda de la frecuencia como por el menor tama\u00f1o de las compras. Adem\u00e1s, las primeras marcas perdieron participaci\u00f3n, mientras que gan\u00f3 peso la marca propia del distribuidor \u201ccomo la opci\u00f3n m\u00e1s atractiva en cuanto a desembolso ayudando a los hogares a ahorrar\u201d, advierte el documento. Pone los ejemplos del caf\u00e9 instant\u00e1neo, las papas fritas y la pasta dental, en donde la marca propia permite ahorrar 35, 43 y 55 por ciento, respectivamente. Otra forma de ahorro son las promociones, que en los \u00faltimos dos a\u00f1os subieron del 15 al 20 por ciento dentro de los gastos totales de las familias en los supermercados.<\/p>\n<p>El eslab\u00f3n que sigue a la demanda es la inversi\u00f3n, porque si los empresarios observan que no hay ventas, no contratan m\u00e1s trabajadores ni adquieren bienes de capital, a la espera de que el panorama aclare. Si bien no hay datos oficiales sobre el comportamiento de la inversi\u00f3n privada a ra\u00edz del apag\u00f3n estad\u00edstico del Indec bajo la conducci\u00f3n de Jorge Todesca, un componente de la inversi\u00f3n est\u00e1 dado por la construcci\u00f3n, sector para el que s\u00ed hay n\u00fameros a trav\u00e9s de los c\u00e1lculos de las empresas. Seg\u00fan el Indice Construya, la actividad de la construcci\u00f3n baj\u00f3 en febrero un 4 por ciento interanual, lo que consolida la merma que empez\u00f3 en noviembre, cuando se quebr\u00f3 la tendencia positiva que se verificaba desde mayo de 2015. Entre los economistas se considera que el comportamiento de la construcci\u00f3n suele anticipar la evoluci\u00f3n del ciclo econ\u00f3mico y de la inversi\u00f3n en particular.<\/p>\n<h6>Fuente: P\u00e1gina 12<\/h6>\n","protected":false},"excerpt":{"rendered":"<p>El relevamiento de una consultora internacional sobre la evoluci\u00f3n del consumo detect\u00f3 un quiebre de tendencia desde principios de a\u00f1o, tras la devaluaci\u00f3n y la quita de retenciones. El consumo de sesenta bienes que componen una canasta b\u00e1sica cay\u00f3 8 por ciento en enero con respecto al mismo mes del a\u00f1o anterior, la mayor baja<\/p>\n","protected":false},"author":2,"featured_media":44624,"comment_status":"closed","ping_status":"closed","sticky":false,"template":"","format":"standard","meta":{"footnotes":""},"categories":[8],"tags":[21],"class_list":["post-44623","post","type-post","status-publish","format-standard","has-post-thumbnail","hentry","category-informe-nacional","tag-argentina"],"_links":{"self":[{"href":"http:\/\/argentinamunicipal.com.ar\/argentina\/wp-json\/wp\/v2\/posts\/44623","targetHints":{"allow":["GET"]}}],"collection":[{"href":"http:\/\/argentinamunicipal.com.ar\/argentina\/wp-json\/wp\/v2\/posts"}],"about":[{"href":"http:\/\/argentinamunicipal.com.ar\/argentina\/wp-json\/wp\/v2\/types\/post"}],"author":[{"embeddable":true,"href":"http:\/\/argentinamunicipal.com.ar\/argentina\/wp-json\/wp\/v2\/users\/2"}],"replies":[{"embeddable":true,"href":"http:\/\/argentinamunicipal.com.ar\/argentina\/wp-json\/wp\/v2\/comments?post=44623"}],"version-history":[{"count":0,"href":"http:\/\/argentinamunicipal.com.ar\/argentina\/wp-json\/wp\/v2\/posts\/44623\/revisions"}],"wp:featuredmedia":[{"embeddable":true,"href":"http:\/\/argentinamunicipal.com.ar\/argentina\/wp-json\/wp\/v2\/media\/44624"}],"wp:attachment":[{"href":"http:\/\/argentinamunicipal.com.ar\/argentina\/wp-json\/wp\/v2\/media?parent=44623"}],"wp:term":[{"taxonomy":"category","embeddable":true,"href":"http:\/\/argentinamunicipal.com.ar\/argentina\/wp-json\/wp\/v2\/categories?post=44623"},{"taxonomy":"post_tag","embeddable":true,"href":"http:\/\/argentinamunicipal.com.ar\/argentina\/wp-json\/wp\/v2\/tags?post=44623"}],"curies":[{"name":"wp","href":"https:\/\/api.w.org\/{rel}","templated":true}]}}