{"id":44638,"date":"2016-03-16T07:25:59","date_gmt":"2016-03-16T10:25:59","guid":{"rendered":"http:\/\/argentinamunicipal.com.ar\/argentina\/?p=44638"},"modified":"2016-03-16T08:29:49","modified_gmt":"2016-03-16T11:29:49","slug":"villa-maria-construiran-viviendas-sociales-sustentables-tiempo","status":"publish","type":"post","link":"http:\/\/argentinamunicipal.com.ar\/argentina\/villa-maria-construiran-viviendas-sociales-sustentables-tiempo\/","title":{"rendered":"Villa Mar\u00eda: Construir\u00e1n viviendas sociales sustentables en el tiempo"},"content":{"rendered":"<p><a href=\"http:\/\/argentinamunicipal.com.ar\/argentina\/wp-content\/uploads\/2016\/03\/calefon_solar1.jpg\"><img loading=\"lazy\" decoding=\"async\" class=\"aligncenter size-full wp-image-44639\" src=\"http:\/\/argentinamunicipal.com.ar\/argentina\/wp-content\/uploads\/2016\/03\/calefon_solar1.jpg\" alt=\"calefon_solar1\" width=\"600\" height=\"450\" srcset=\"http:\/\/argentinamunicipal.com.ar\/argentina\/wp-content\/uploads\/2016\/03\/calefon_solar1.jpg 600w, http:\/\/argentinamunicipal.com.ar\/argentina\/wp-content\/uploads\/2016\/03\/calefon_solar1-300x225.jpg 300w\" sizes=\"auto, (max-width: 600px) 100vw, 600px\" \/><\/a><\/p>\n<p>Con el desaf\u00edo de aprovechar los recursos naturales existentes, los arquitectos del Instituto Municipal de la Vivienda (IMV) de Villa Mar\u00eda decidieron dise\u00f1ar y construir las dos primeras viviendas sociales sustentables en el barrio Los Olmos.<\/p>\n<p>Con este proyecto habitacional se busca \u201chacer valer los recursos naturales que llegan gratis a cualquier domicilio\u201d, enfatiz\u00f3 el titular del \u00e1rea, Pablo Gonz\u00e1lez.<\/p>\n<p>Una de las caracter\u00edsticas singulares de estas unidades habitacionales es que recuperar\u00e1n el agua de lluvia, que se almacenar\u00e1 en cisternas habilitadas para ese fin.<\/p>\n<p>De esta manera, el l\u00edquido de las precipitaciones podr\u00e1 ser utilizado para fines como riego, limpieza, lavado de ropa o descarga del inodoro.\u00a0En materia energ\u00e9tica, las casas incorporar\u00e1n calefones solares para generar agua caliente, y tambi\u00e9n contar\u00e1n con un generador el\u00e9ctrico para acumular energ\u00eda destinada a iluminaci\u00f3n. Si bien no es posible sostener todo el sistema con generaci\u00f3n propia, los cambios propuestos redundar\u00e1n en una disminuci\u00f3n de consumo desde la red.<\/p>\n<p>Otra novedad est\u00e1 dada por la orientaci\u00f3n de las unidades, dado que el dise\u00f1o de cada vivienda est\u00e1 pensado en funci\u00f3n de los puntos cardinales, para aprovechar al m\u00e1ximo las condiciones naturales.<\/p>\n<p>Como la pared que da al oeste es siempre la que menos calor acumula, est\u00e1 previsto ubicar all\u00ed todos los espacios de servicio de las casas: cocina, ba\u00f1o y lavadero.<\/p>\n<p>Adem\u00e1s, sobre ese mismo muro y en la cara exterior, se organizar\u00e1 un jard\u00edn vertical que favorezca las condiciones t\u00e9rmicas de la pared, adem\u00e1s de ser un espacio donde las familias pueden organizar su propia huerta. Para esto, contar\u00e1n tambi\u00e9n con biodigestores para la producci\u00f3n de abono.<\/p>\n<p>Por otra parte, tambi\u00e9n se realiz\u00f3 un an\u00e1lisis de los aleros exteriores, tanto verticales como horizontales, de manera de facilitar el filtrado del sol \u201cmalo\u201d -el del verano- y privilegiar el ingreso de los rayos invernales, que contribuyen a la ambientaci\u00f3n de la casa.<\/p>\n<p>Las dos casas que se construir\u00e1n como experiencia piloto ser\u00e1n las del programa Eva Per\u00f3n, destinado a dar respuesta a familias que se encuentran en emergencia habitacional. \u201cDesde el d\u00eda en que comencemos la obra vamos a trabajar con sus futuros ocupantes\u00bb, concluy\u00f3 Gonz\u00e1lez.<\/p>\n<h6>Fuente: La Ma\u00f1ana de C\u00f3rdoba<\/h6>\n","protected":false},"excerpt":{"rendered":"<p>Con el desaf\u00edo de aprovechar los recursos naturales existentes, los arquitectos del Instituto Municipal de la Vivienda (IMV) de Villa Mar\u00eda decidieron dise\u00f1ar y construir las dos primeras viviendas sociales sustentables en el barrio Los Olmos. Con este proyecto habitacional se busca \u201chacer valer los recursos naturales que llegan gratis a cualquier domicilio\u201d, enfatiz\u00f3 el<\/p>\n","protected":false},"author":2,"featured_media":44639,"comment_status":"closed","ping_status":"closed","sticky":false,"template":"","format":"standard","meta":{"footnotes":""},"categories":[2],"tags":[3],"class_list":["post-44638","post","type-post","status-publish","format-standard","has-post-thumbnail","hentry","category-informe-municipal","tag-cordoba"],"_links":{"self":[{"href":"http:\/\/argentinamunicipal.com.ar\/argentina\/wp-json\/wp\/v2\/posts\/44638","targetHints":{"allow":["GET"]}}],"collection":[{"href":"http:\/\/argentinamunicipal.com.ar\/argentina\/wp-json\/wp\/v2\/posts"}],"about":[{"href":"http:\/\/argentinamunicipal.com.ar\/argentina\/wp-json\/wp\/v2\/types\/post"}],"author":[{"embeddable":true,"href":"http:\/\/argentinamunicipal.com.ar\/argentina\/wp-json\/wp\/v2\/users\/2"}],"replies":[{"embeddable":true,"href":"http:\/\/argentinamunicipal.com.ar\/argentina\/wp-json\/wp\/v2\/comments?post=44638"}],"version-history":[{"count":0,"href":"http:\/\/argentinamunicipal.com.ar\/argentina\/wp-json\/wp\/v2\/posts\/44638\/revisions"}],"wp:featuredmedia":[{"embeddable":true,"href":"http:\/\/argentinamunicipal.com.ar\/argentina\/wp-json\/wp\/v2\/media\/44639"}],"wp:attachment":[{"href":"http:\/\/argentinamunicipal.com.ar\/argentina\/wp-json\/wp\/v2\/media?parent=44638"}],"wp:term":[{"taxonomy":"category","embeddable":true,"href":"http:\/\/argentinamunicipal.com.ar\/argentina\/wp-json\/wp\/v2\/categories?post=44638"},{"taxonomy":"post_tag","embeddable":true,"href":"http:\/\/argentinamunicipal.com.ar\/argentina\/wp-json\/wp\/v2\/tags?post=44638"}],"curies":[{"name":"wp","href":"https:\/\/api.w.org\/{rel}","templated":true}]}}