{"id":44684,"date":"2016-03-17T08:02:33","date_gmt":"2016-03-17T11:02:33","guid":{"rendered":"http:\/\/argentinamunicipal.com.ar\/argentina\/?p=44684"},"modified":"2016-03-29T08:27:11","modified_gmt":"2016-03-29T11:27:11","slug":"freno-los-barrios-privados-buenos-aires","status":"publish","type":"post","link":"http:\/\/argentinamunicipal.com.ar\/argentina\/freno-los-barrios-privados-buenos-aires\/","title":{"rendered":"Freno a los barrios privados en Buenos Aires"},"content":{"rendered":"<p><a href=\"http:\/\/argentinamunicipal.com.ar\/argentina\/wp-content\/uploads\/2016\/03\/TA680-Argentina-1-629x420.jpg\"><img loading=\"lazy\" decoding=\"async\" class=\"aligncenter size-full wp-image-44705\" src=\"http:\/\/argentinamunicipal.com.ar\/argentina\/wp-content\/uploads\/2016\/03\/TA680-Argentina-1-629x420.jpg\" alt=\"TA680-Argentina-1-629x420\" width=\"629\" height=\"420\" srcset=\"http:\/\/argentinamunicipal.com.ar\/argentina\/wp-content\/uploads\/2016\/03\/TA680-Argentina-1-629x420.jpg 629w, http:\/\/argentinamunicipal.com.ar\/argentina\/wp-content\/uploads\/2016\/03\/TA680-Argentina-1-629x420-300x200.jpg 300w\" sizes=\"auto, (max-width: 629px) 100vw, 629px\" \/><\/a><br \/>\nEl fiscal federal de San Isidro consider\u00f3 demostrado que la proliferaci\u00f3n de esos emprendimientos en la zona del r\u00edo Luj\u00e1n y el Delta del Paran\u00e1 afect\u00f3 el medio ambiente y provoc\u00f3 \u201cgraves estragos\u201d e \u201cincalculables da\u00f1os a la propiedad p\u00fablica y privada\u201d.<\/p>\n<p>Las grandes compa\u00f1\u00edas inmobiliarias-constructoras, impulsoras de la proliferaci\u00f3n de barrios privados, son se\u00f1aladas por su responsabilidad en la provocaci\u00f3n y agravamiento de inundaciones. El fiscal federal de San Isidro, Fernando Dom\u00ednguez, confirm\u00f3 ese impacto empresarial en el ambiente y solicit\u00f3 a la jueza Sandra Arroyo Salgado que paralice todas las obras de countries. \u201cSe ha demostrado que la construcci\u00f3n de barrios cerrados asentados en la planicie de inundaci\u00f3n del r\u00edo Luj\u00e1n y en el Delta del Paran\u00e1 no s\u00f3lo han afectado al medio ambiente, sino que han producido graves estragos y, consecuentemente, incalculables da\u00f1os a la propiedad p\u00fablica y privada, provocando tambi\u00e9n la p\u00e9rdida de vidas humanas\u201d, afirm\u00f3 el fiscal. Organizaciones sociales, que impulsaron la denuncia, marchar\u00e1n ma\u00f1ana hasta las puertas de Eidico, una de las empresas denunciadas.<\/p>\n<p>La causa fue iniciada en 2012 por organizaciones sociales, ambientes y vecinales de la cuenca del r\u00edo Luj\u00e1n y Delta del Paran\u00e1, que apunt\u00f3 a la ilegalidad de los emprendimientos, muchos construidos sobre \u201cdominio p\u00fablico natural\u201d (como son los cauces de r\u00edos) y sin evaluaci\u00f3n de impacto ambiental.<\/p>\n<p>El 19 de febrero, el fiscal federal Dom\u00ednguez solicit\u00f3 a la jueza Arroyo Salgado la paralizaci\u00f3n precautoria de \u201ctoda obra que se lleve acabo en los barrios cerrados y clubes privados\u201d. Abarca los partidos de Campana, Chacabuco, Escobar, Exaltaci\u00f3n de La Cruz, General Rodr\u00edguez, Jos\u00e9 C. Paz, Luj\u00e1n, Malvinas Argentinas, Mercedes, Moreno, Pilar, San Andr\u00e9s de Giles, San Fernando, Suipacha y Tigre.<\/p>\n<p>El fiscal advirti\u00f3: \u201cLas grav\u00edsimas consecuencias muy probablemente volver\u00e1n a repetirse si no se adoptan medidas urgentes para paliar la situaci\u00f3n, en tanto se adoptan por las autoridades competentes soluciones de fondo\u201d.<\/p>\n<p>Entre la fundamentaci\u00f3n resalta el derecho humano fundamental de todos los habitantes a gozar de un \u201cambiente sano y equilibrado\u201d (art\u00edculo 41 de la Constituci\u00f3n Nacional). Precis\u00f3 que los delitos (de empresarios y funcionarios) ser\u00edan da\u00f1o agravado, estrago seguido de muerte e incumplimientos de los deberes de funcionario p\u00fablico.<\/p>\n<p>Organizaciones sociales e investigadores caracterizan a los barrios privados como parte del modelo extractivo, donde comparten una avanzada territorial, imposici\u00f3n del capital por sobre la poblaci\u00f3n y la naturaleza, y con consecuencias ambientales, sociales y sanitarias. Un factor fundamental son los humedales, \u00e1mbitos naturales que act\u00faan como esponja y ayudan a mitigar los efectos de las fuertes lluvias.<\/p>\n<p>Los barrios cerrados avanzaron de manera sistem\u00e1tica sobre los humedales. En 2010, la Defensor\u00eda del Pueblo de la Naci\u00f3n emiti\u00f3 la Resoluci\u00f3n 141\/10 dirigida a los municipios de Tigre, San Fernando, Escobar, Campana y Z\u00e1rate que exhort\u00f3 a no habilitar emprendimientos inmobiliarios sobre humedales. En 2014, organizaciones de vecinos de Tigre, Escobar y Pilar presentaron a los Concejos Deliberantes proyectos de ordenanza para prohibir los barrios privados. En 2015, la C\u00e1mara de Diputados de la Naci\u00f3n dej\u00f3 sin tratamiento el proyecto de Ley de Humedales (que ya ten\u00eda media sanci\u00f3n de Senadores) y perdi\u00f3 estado parlamentario.<\/p>\n<p>La Asociaci\u00f3n Ambientalista del Partido de Escobar (AAPE), una de las denunciantes, remarc\u00f3 que la invasi\u00f3n de barrios privados \u201cs\u00f3lo fue posible por la connivencia entre las autoridades de los tres niveles del Estado y los desarrolladores inmobiliarios, con consecuencias reiteradas de inundaciones y destrucci\u00f3n de fuentes de agua dulce, atentando gravemente contra la salud y la integridad f\u00edsica de millones de personas\u201d.<\/p>\n<p>La denuncia inicial, de 2012, fue por el emprendimiento inmobiliario Colony Park (en Tigre), y el da\u00f1o ambiental provocado (el proyecto fue finalmente paralizado). En la causa se destac\u00f3 que las urbanizaciones sobre el r\u00edo Luj\u00e1n generaron \u201cun efecto acumulativo por el endicamiento de miles de hect\u00e1reas, impidiendo el normal escurrimiento de las aguas\u201d. Sobrevino la inundaci\u00f3n de octubre de 2014, donde falleci\u00f3 Daniel Quintana (en San Fernando) y Nahuel Reyes (en Luj\u00e1n). Luego de las inundaciones de agosto de 2015, donde fallecieron al menos otras dos personas, ampliaron la denuncia.<\/p>\n<p>En los \u00faltimos 20 a\u00f1os, aument\u00f3 geom\u00e9tricamente la cantidad de barrios privados. S\u00f3lo en Pilar existen 152 barrios cerrados, que ocupan el 24 por ciento del partido.<\/p>\n<p>\u201cBasta de inundarnos con barrios privados\u201d, ser\u00e1 la consigna de la marcha de ma\u00f1ana a la tarde en Tigre, en las puertas de la empresa Eidico (en la rotonda de acceso a Villa La \u00d1ata y Benav\u00eddez). Impulsada por organizaciones vecinas, ambientales y de pueblos originarios de la cuenca del r\u00edo Luj\u00e1n, denuncian a Eidico (presidida por Jorge O\u2019Reilly) de ocasionar \u201cda\u00f1os sociales, culturales y ambientales\u201d con sus emprendimientos inmobiliarios. Tambi\u00e9n, en base al dictamen del fiscal federal de Tigre, exigir\u00e1n a la jueza Arroyo Salgado que aplique la medida cautelar que frena la construcci\u00f3n de barrios cerrados. \u201cS\u00f3lo en Tigre, Escobar y Pilar (cuenca baja del r\u00edo Luj\u00e1n), se han destruido unas diez mil hect\u00e1reas de humedales\u201d, afirm\u00f3 el Movimiento en Defensa a la Pacha de Punta Querand\u00ed (Tigre).<\/p>\n<p>Viviana Rebasa, de la Asociaci\u00f3n Ambientalista del Partido de Escobar, remarc\u00f3 que los barrios privados implican dos hechos fundamentales: da\u00f1o ambiental (tanto inundaciones como contaminaci\u00f3n de vitales reservas de agua dulce) y apropiaci\u00f3n del espacio p\u00fablico, \u201cque es de todos\u201d, por parte de millonarias empresas inmobiliarias-constructoras.<\/p>\n<h6>Fuente: P\u00e1gina 12<\/h6>\n","protected":false},"excerpt":{"rendered":"<p>El fiscal federal de San Isidro consider\u00f3 demostrado que la proliferaci\u00f3n de esos emprendimientos en la zona del r\u00edo Luj\u00e1n y el Delta del Paran\u00e1 afect\u00f3 el medio ambiente y provoc\u00f3 \u201cgraves estragos\u201d <\/p>\n","protected":false},"author":2,"featured_media":44705,"comment_status":"closed","ping_status":"closed","sticky":false,"template":"","format":"standard","meta":{"footnotes":""},"categories":[2],"tags":[12],"class_list":["post-44684","post","type-post","status-publish","format-standard","has-post-thumbnail","hentry","category-informe-municipal","tag-buenos-aires"],"_links":{"self":[{"href":"http:\/\/argentinamunicipal.com.ar\/argentina\/wp-json\/wp\/v2\/posts\/44684","targetHints":{"allow":["GET"]}}],"collection":[{"href":"http:\/\/argentinamunicipal.com.ar\/argentina\/wp-json\/wp\/v2\/posts"}],"about":[{"href":"http:\/\/argentinamunicipal.com.ar\/argentina\/wp-json\/wp\/v2\/types\/post"}],"author":[{"embeddable":true,"href":"http:\/\/argentinamunicipal.com.ar\/argentina\/wp-json\/wp\/v2\/users\/2"}],"replies":[{"embeddable":true,"href":"http:\/\/argentinamunicipal.com.ar\/argentina\/wp-json\/wp\/v2\/comments?post=44684"}],"version-history":[{"count":0,"href":"http:\/\/argentinamunicipal.com.ar\/argentina\/wp-json\/wp\/v2\/posts\/44684\/revisions"}],"wp:featuredmedia":[{"embeddable":true,"href":"http:\/\/argentinamunicipal.com.ar\/argentina\/wp-json\/wp\/v2\/media\/44705"}],"wp:attachment":[{"href":"http:\/\/argentinamunicipal.com.ar\/argentina\/wp-json\/wp\/v2\/media?parent=44684"}],"wp:term":[{"taxonomy":"category","embeddable":true,"href":"http:\/\/argentinamunicipal.com.ar\/argentina\/wp-json\/wp\/v2\/categories?post=44684"},{"taxonomy":"post_tag","embeddable":true,"href":"http:\/\/argentinamunicipal.com.ar\/argentina\/wp-json\/wp\/v2\/tags?post=44684"}],"curies":[{"name":"wp","href":"https:\/\/api.w.org\/{rel}","templated":true}]}}