{"id":44687,"date":"2016-03-17T08:17:36","date_gmt":"2016-03-17T11:17:36","guid":{"rendered":"http:\/\/argentinamunicipal.com.ar\/argentina\/?p=44687"},"modified":"2016-03-17T08:17:36","modified_gmt":"2016-03-17T11:17:36","slug":"70-los-argentinos-percibe-mal-mal-la-economia","status":"publish","type":"post","link":"http:\/\/argentinamunicipal.com.ar\/argentina\/70-los-argentinos-percibe-mal-mal-la-economia\/","title":{"rendered":"Un 70% de los argentinos percibe \u201cmal o muy mal\u201d a la econom\u00eda"},"content":{"rendered":"<p><a href=\"http:\/\/argentinamunicipal.com.ar\/argentina\/wp-content\/uploads\/2016\/03\/caida-consumo-locales-vacios-cuadra_IECIMA20140904_0003_7.jpg\"><img loading=\"lazy\" decoding=\"async\" class=\"aligncenter size-full wp-image-44688\" src=\"http:\/\/argentinamunicipal.com.ar\/argentina\/wp-content\/uploads\/2016\/03\/caida-consumo-locales-vacios-cuadra_IECIMA20140904_0003_7.jpg\" alt=\"caida-consumo-locales-vacios-cuadra_IECIMA20140904_0003_7\" width=\"660\" height=\"370\" srcset=\"http:\/\/argentinamunicipal.com.ar\/argentina\/wp-content\/uploads\/2016\/03\/caida-consumo-locales-vacios-cuadra_IECIMA20140904_0003_7.jpg 660w, http:\/\/argentinamunicipal.com.ar\/argentina\/wp-content\/uploads\/2016\/03\/caida-consumo-locales-vacios-cuadra_IECIMA20140904_0003_7-300x168.jpg 300w\" sizes=\"auto, (max-width: 660px) 100vw, 660px\" \/><\/a><br \/>\nSeg\u00fan un muestreo realizado por Ibar\u00f3metro, para el 79,6% de los encuestados los precios aumentaron mucho durante el \u00faltimo mes. El 55% responsabiliza a los empresarios, un 28% que el Gobierno \u201cno est\u00e1 haciendo nada\u201d contra la inflaci\u00f3n y el 36% que toma medidas no efectivas.<\/p>\n<p>En una evidente coyuntura de crisis econ\u00f3mica, dos tercios de la poblaci\u00f3n percibi\u00f3 que la situaci\u00f3n actual es entre mala y muy mala, en tanto que un 27,7% la encontr\u00f3 de buena a muy buena.<\/p>\n<p>De acuerdo con una encuesta telef\u00f3nica sobre mil casos en la Ciudad Aut\u00f3noma de Buenos Aires y el Gran Buenos Aires, la consultora Ibar\u00f3metro determin\u00f3 que el 66,1% de las personas consider\u00f3 negativa la realidad econ\u00f3mica, con este desagregado. El 41,9% la calific\u00f3 como \u201cmala\u201d, y el 24,9% como \u201cmuy mala\u201d.<\/p>\n<p>En tanto, dentro del universo del 27,7% de la muestra que se mostr\u00f3 satisfecho con la evoluci\u00f3n de la econom\u00eda, el 22,6% la describi\u00f3 como \u201cbuena\u201d y el 5,1% como \u201cmuy buena\u201d.<\/p>\n<p>Mucho m\u00e1s equilibrado es el escenario cuando la pregunta se orient\u00f3 al estado de la econom\u00eda dentro de un a\u00f1o. Mientras el 47,6% ve un panorama negativo, el 45% cree que la actividad se mantendr\u00e1 bien o mejorar\u00e1. En el primer grupo se divide entre el 30,2% que eval\u00faa que la econom\u00eda \u201cempeorar\u00e1\u201d y el 17,4% que afirma que seguir\u00e1 \u201cigual de mal\u201d. En la misma proporci\u00f3n, dentro del segmento positivo, el 36,7% dice que la coyuntura mejorar\u00e1 y s\u00f3lo el 8,3% habla que estar\u00e1 \u201cigual de bien\u201d.<\/p>\n<p>Respecto de la situaci\u00f3n personal, el 49,2% se ve a s\u00ed mismo mal o muy mal econ\u00f3micamente, en tanto que el 45,1% se observa en un buen o muy buen estado.<\/p>\n<p>Al indagar sobre las perspectivas para los pr\u00f3ximos doce meses, se invierte la ecuaci\u00f3n por un estrecho margen. El 44,4% de la poblaci\u00f3n encuestada respondi\u00f3 que se imagina estar \u201cigual de bien\u201d o mejor, mientras que el 43,3% proyecta estar en iguales condiciones negativas, o aun peor.<\/p>\n<p>Los distintos indicadores que dan cuenta de las percepciones generales sobre la econom\u00eda confirman las tendencias desfavorables del mes anterior.<\/p>\n<p>Inflaci\u00f3n.\u00a0Seg\u00fan el muestreo realizado por Ibar\u00f3metro, la inflaci\u00f3n encabeza el ranking de las preocupaciones sociales, con el 19,8% de las respuestas, frente al 19,5% de la corrupci\u00f3n; el 15,9% de la inseguridad, y el 14,3% del desempleo.<\/p>\n<p>El 79,6% de los encuestados dice que los precios aumentaron mucho durante el \u00faltimo mes, y el 15,9% cree que las subas fueron menores. Asimismo, por segundo mes consecutivo, m\u00e1s de un 50% (el 53%) considera que la inflaci\u00f3n seguir\u00e1 en aumento, y el 32% opin\u00f3 que se mantendr\u00e1 en estos niveles.<\/p>\n<p>En cuanto al rol del Gobierno en el tema inflaci\u00f3n, la mayor\u00eda de la poblaci\u00f3n no lo considera<\/p>\n<p>mayormente responsable, pero tampoco lo percibe eficaz a la hora de enfrentarlo. Esto es, si bien el 55% de los consultados responsabiliza a los empresarios por la suba de los precios, un 28% considera que el Gobierno \u201cno est\u00e1 haciendo nada\u201d contra la inflaci\u00f3n y el 36% que toma medidas no efectivas.<\/p>\n<h6>Fuente: La Ma\u00f1ana de C\u00f3rdoba<\/h6>\n","protected":false},"excerpt":{"rendered":"<p>Seg\u00fan un muestreo realizado por Ibar\u00f3metro, para el 79,6% de los encuestados los precios aumentaron mucho durante el \u00faltimo mes. El 55% responsabiliza a los empresarios, un 28% que el Gobierno \u201cno est\u00e1 haciendo nada\u201d contra la inflaci\u00f3n y el 36% que toma medidas no efectivas. En una evidente coyuntura de crisis econ\u00f3mica, dos tercios<\/p>\n","protected":false},"author":2,"featured_media":44688,"comment_status":"closed","ping_status":"closed","sticky":false,"template":"","format":"standard","meta":{"footnotes":""},"categories":[8],"tags":[21],"class_list":["post-44687","post","type-post","status-publish","format-standard","has-post-thumbnail","hentry","category-informe-nacional","tag-argentina"],"_links":{"self":[{"href":"http:\/\/argentinamunicipal.com.ar\/argentina\/wp-json\/wp\/v2\/posts\/44687","targetHints":{"allow":["GET"]}}],"collection":[{"href":"http:\/\/argentinamunicipal.com.ar\/argentina\/wp-json\/wp\/v2\/posts"}],"about":[{"href":"http:\/\/argentinamunicipal.com.ar\/argentina\/wp-json\/wp\/v2\/types\/post"}],"author":[{"embeddable":true,"href":"http:\/\/argentinamunicipal.com.ar\/argentina\/wp-json\/wp\/v2\/users\/2"}],"replies":[{"embeddable":true,"href":"http:\/\/argentinamunicipal.com.ar\/argentina\/wp-json\/wp\/v2\/comments?post=44687"}],"version-history":[{"count":0,"href":"http:\/\/argentinamunicipal.com.ar\/argentina\/wp-json\/wp\/v2\/posts\/44687\/revisions"}],"wp:featuredmedia":[{"embeddable":true,"href":"http:\/\/argentinamunicipal.com.ar\/argentina\/wp-json\/wp\/v2\/media\/44688"}],"wp:attachment":[{"href":"http:\/\/argentinamunicipal.com.ar\/argentina\/wp-json\/wp\/v2\/media?parent=44687"}],"wp:term":[{"taxonomy":"category","embeddable":true,"href":"http:\/\/argentinamunicipal.com.ar\/argentina\/wp-json\/wp\/v2\/categories?post=44687"},{"taxonomy":"post_tag","embeddable":true,"href":"http:\/\/argentinamunicipal.com.ar\/argentina\/wp-json\/wp\/v2\/tags?post=44687"}],"curies":[{"name":"wp","href":"https:\/\/api.w.org\/{rel}","templated":true}]}}