{"id":447,"date":"2014-02-09T22:55:37","date_gmt":"2014-02-10T01:55:37","guid":{"rendered":"http:\/\/argentinamunicipal.com.ar\/argentina\/?p=447"},"modified":"2014-02-09T22:55:37","modified_gmt":"2014-02-10T01:55:37","slug":"en-santa-fe-el-acueducto-centro-norte-es-solo-una-autentica-ilusion","status":"publish","type":"post","link":"http:\/\/argentinamunicipal.com.ar\/argentina\/en-santa-fe-el-acueducto-centro-norte-es-solo-una-autentica-ilusion\/","title":{"rendered":"En Santa Fe, el acueducto centro-norte es s\u00f3lo una aut\u00e9ntica ilusi\u00f3n?"},"content":{"rendered":"<div id=\"attachment_448\" style=\"width: 434px\" class=\"wp-caption alignleft\"><a href=\"http:\/\/argentinamunicipal.com.ar\/argentina\/wp-content\/uploads\/2014\/02\/a_gd_IMG_1542_fmt.jpeg\"><img loading=\"lazy\" decoding=\"async\" aria-describedby=\"caption-attachment-448\" class=\"size-full wp-image-448\" alt=\" Escasez. Los rafaelinos padecen hace tiempo la poca presi\u00f3n (y en algunos casos la falta) de agua, lo cual genera malestar en vecinos y autoridades locales. Hay un reclamo directo a Provincia.\" src=\"http:\/\/argentinamunicipal.com.ar\/argentina\/wp-content\/uploads\/2014\/02\/a_gd_IMG_1542_fmt.jpeg\" width=\"424\" height=\"249\" srcset=\"http:\/\/argentinamunicipal.com.ar\/argentina\/wp-content\/uploads\/2014\/02\/a_gd_IMG_1542_fmt.jpeg 424w, http:\/\/argentinamunicipal.com.ar\/argentina\/wp-content\/uploads\/2014\/02\/a_gd_IMG_1542_fmt-300x176.jpeg 300w\" sizes=\"auto, (max-width: 424px) 100vw, 424px\" \/><\/a><p id=\"caption-attachment-448\" class=\"wp-caption-text\"><br \/>Escasez. Los rafaelinos padecen hace tiempo la poca presi\u00f3n (y en algunos casos la falta) de agua, lo cual genera malestar en vecinos y autoridades locales. Hay un reclamo directo a Provincia.<\/p><\/div>\n<p>El problema del agua en esa zona de la provincia, se agrava exponencialmente con cada \u00e9poca estival, tal como ocurre en estos d\u00edas en que barrios enteros permanecen sin suministro. Desde el municipio rafaelino se\u00f1alan que el gobierno provincial carece de pol\u00edticas activas.<\/p>\n<p>A las dilaciones y confusas explicaciones de la administraci\u00f3n provincial sobre el real estado del proyecto del sistema que debe llevar agua potable en cantidad y calidad a Rafaela y al oeste provincial, ahora se agrega la llamativa argumentaci\u00f3n del titular de Aguas Santafesinas S.A., quien sostiene que no es escaso el volumen del l\u00edquido con que cuenta la ciudad sino que, en realidad, los rafaelinos, aunque lo expresa en otros t\u00e9rminos, la \u201cderrochan\u201d.<\/p>\n<p>Bajo este controvertido \u201cenfoque\u201d de la situaci\u00f3n, se puede presuponer, y hasta temer, que, en realidad, se esconde la nueva estrategia de la gesti\u00f3n progresista para disimular la falta de voluntad y decisi\u00f3n pol\u00edtica para ejecutar una obra valiosa para la salud y el desarrollo urbano y productivo de la regi\u00f3n.<\/p>\n<p>Tambi\u00e9n es cierto que esta problem\u00e1tica se manifiesta desde hace un par de d\u00e9cadas, cuando el ya a\u00f1oso acueducto que trae agua de los pozos de captaci\u00f3n en la ciudad de Esperanza (construido a principios de los a\u00f1os \u201870) comenz\u00f3 a resultar insuficiente en funci\u00f3n de la expansi\u00f3n que experiment\u00f3 la ciudad.<\/p>\n<p>Desde ese momento, los sucesivos gobernantes de la ciudad demandaron ante las autoridades provinciales la construcci\u00f3n de otro ducto que transporte agua. Se estuvo cerca de lograrlo cuando sobre el final del \u00faltimo gobierno del ingeniero Obeid se llam\u00f3 a licitaci\u00f3n para su ejecuci\u00f3n, pero la llegada al poder del socialismo, hizo suspender el proceso y por \u00faltimo el proyecto se cay\u00f3.<\/p>\n<p>M\u00e1s adelante, la administraci\u00f3n Binner ide\u00f3 un nuevo sistema provincial de acueductos y se denomin\u00f3 centro-norte al destinado a proveer de agua potable desde una toma de captaci\u00f3n en el r\u00edo Paran\u00e1, a la altura de la localidad de Desv\u00edo Arij\u00f3n, a una vasta zona del oeste provincial.<\/p>\n<p>Desde el gobierno siempre se sostuvo que la obra estaba ligada al acueducto de Santo Tom\u00e9 y que cuando llegara a un determinado tramo de su ejecuci\u00f3n se empalmar\u00eda la ca\u00f1er\u00eda que llevar\u00eda agua a esta regi\u00f3n.<\/p>\n<h2>Sorpresa y media<\/h2>\n<p>Aceptando las reiteradas invitaciones formuladas tanto por el ministro de Aguas, Servicios P\u00fablicos y Medio Ambiente, Antonio Ciancio, como por el gobernador Bonfatti para constatar in situ el \u201cgrado de avance\u201d del acueducto a Rafaela, el intendente Luis Castellano lleg\u00f3, meses atr\u00e1s, hasta la planta de Desv\u00edo Arij\u00f3n y comprob\u00f3, con desaz\u00f3n, que los trabajos que all\u00ed se llevan a cabo correspond\u00edan s\u00f3lo al acueducto para Santo Tom\u00e9 y no estaban incluidas en ese proyecto las obras correspondientes a las del centro norte, las cuales ni siquiera hab\u00edan sido licitadas.<\/p>\n<p>La situaci\u00f3n fue planteada p\u00fablicamente y el propio gobernador Bonfatti se comprometi\u00f3, en una visita a la ciudad, a brindar las explicaciones del caso, pero hasta el momento la denuncia del mandatario rafaelino no fue desmentida ni aclarada.<\/p>\n<p>La administraci\u00f3n provincial asisti\u00f3 con una planta de \u00f3smosis inversa, que se agrega a la ya existente, proveyendo entre ambas 400 m3\/hora de agua para sumar a lo que llega desde el acueducto de Esperanza, unos 1.200 m3\/hora de acuerdo con la producci\u00f3n de los distintos momentos, y aporta un caudal que no soluciona en absoluto el problema.<\/p>\n<h2>Nada alcanza<\/h2>\n<p>Ante este panorama, desde la Municipalidad se vienen implementando distintas campa\u00f1as para economizar el consumo de agua, pero nada parece ser suficiente, menos a\u00fan con las temperaturas extremas que se abaten en estos d\u00edas por toda la regi\u00f3n.<\/p>\n<p>A trav\u00e9s de distintas iniciativas se fomenta la promoci\u00f3n de h\u00e1bitos de uso responsable y solidario de este recurso esencial para la vida. En este sentido se trabaja en la concientizaci\u00f3n en las escuelas, a trav\u00e9s de los medios se exhorta a la poblaci\u00f3n a cuidar, a no regar plantas, lavar veredas y autos con agua potable y junto al Centro Comercial e Industrial y otras instituciones se pusieron en marcha auditor\u00edas de consumo en grandes empresas y edificios para ahorrar agua, pero es como darle una aspirina a un enfermo terminal.<\/p>\n<p>De igual manera, siempre se ha solicitado la colocaci\u00f3n de micromedidores en los domicilios de sectores con mayor demanda, pero a pesar de que la promesa de Assa fue que para el pr\u00f3ximo a\u00f1o la medici\u00f3n domiciliaria llegar\u00eda al 100 %, en la actualidad, es \u00ednfima su instalaci\u00f3n en relaci\u00f3n al total de viviendas.<\/p>\n<pre>Fuente: El Litoral<\/pre>\n","protected":false},"excerpt":{"rendered":"<p>El problema del agua en esa zona de la provincia, se agrava exponencialmente con cada \u00e9poca estival, tal como ocurre en estos d\u00edas en que barrios enteros permanecen sin suministro. Desde el municipio rafaelino se\u00f1alan que el gobierno provincial carece de pol\u00edticas activas. A las dilaciones y confusas explicaciones de la administraci\u00f3n provincial sobre el<\/p>\n","protected":false},"author":1,"featured_media":448,"comment_status":"closed","ping_status":"closed","sticky":false,"template":"","format":"standard","meta":{"footnotes":""},"categories":[2],"tags":[10],"class_list":["post-447","post","type-post","status-publish","format-standard","has-post-thumbnail","hentry","category-informe-municipal","tag-santa-fe"],"_links":{"self":[{"href":"http:\/\/argentinamunicipal.com.ar\/argentina\/wp-json\/wp\/v2\/posts\/447","targetHints":{"allow":["GET"]}}],"collection":[{"href":"http:\/\/argentinamunicipal.com.ar\/argentina\/wp-json\/wp\/v2\/posts"}],"about":[{"href":"http:\/\/argentinamunicipal.com.ar\/argentina\/wp-json\/wp\/v2\/types\/post"}],"author":[{"embeddable":true,"href":"http:\/\/argentinamunicipal.com.ar\/argentina\/wp-json\/wp\/v2\/users\/1"}],"replies":[{"embeddable":true,"href":"http:\/\/argentinamunicipal.com.ar\/argentina\/wp-json\/wp\/v2\/comments?post=447"}],"version-history":[{"count":0,"href":"http:\/\/argentinamunicipal.com.ar\/argentina\/wp-json\/wp\/v2\/posts\/447\/revisions"}],"wp:featuredmedia":[{"embeddable":true,"href":"http:\/\/argentinamunicipal.com.ar\/argentina\/wp-json\/wp\/v2\/media\/448"}],"wp:attachment":[{"href":"http:\/\/argentinamunicipal.com.ar\/argentina\/wp-json\/wp\/v2\/media?parent=447"}],"wp:term":[{"taxonomy":"category","embeddable":true,"href":"http:\/\/argentinamunicipal.com.ar\/argentina\/wp-json\/wp\/v2\/categories?post=447"},{"taxonomy":"post_tag","embeddable":true,"href":"http:\/\/argentinamunicipal.com.ar\/argentina\/wp-json\/wp\/v2\/tags?post=447"}],"curies":[{"name":"wp","href":"https:\/\/api.w.org\/{rel}","templated":true}]}}