{"id":44711,"date":"2016-03-18T06:35:09","date_gmt":"2016-03-18T09:35:09","guid":{"rendered":"http:\/\/argentinamunicipal.com.ar\/argentina\/?p=44711"},"modified":"2016-03-18T06:35:09","modified_gmt":"2016-03-18T09:35:09","slug":"alcaldes-dirigentes-peronistas-recibieron-gioja-la-mira-puesta-la-conduccion-del-pj-nacional","status":"publish","type":"post","link":"http:\/\/argentinamunicipal.com.ar\/argentina\/alcaldes-dirigentes-peronistas-recibieron-gioja-la-mira-puesta-la-conduccion-del-pj-nacional\/","title":{"rendered":"Alcaldes y dirigentes peronistas recibieron a Gioja: la mira puesta en la conducci\u00f3n del PJ Nacional"},"content":{"rendered":"<p><a href=\"http:\/\/argentinamunicipal.com.ar\/argentina\/wp-content\/uploads\/2016\/03\/20160317215629_reunion_con_intendentes_y_dirigentes_de_provincia_con_gioja_en_lomas_1.jpg\"><img loading=\"lazy\" decoding=\"async\" class=\"aligncenter size-full wp-image-44712\" src=\"http:\/\/argentinamunicipal.com.ar\/argentina\/wp-content\/uploads\/2016\/03\/20160317215629_reunion_con_intendentes_y_dirigentes_de_provincia_con_gioja_en_lomas_1.jpg\" alt=\"20160317215629_reunion_con_intendentes_y_dirigentes_de_provincia_con_gioja_en_lomas_1\" width=\"620\" height=\"340\" srcset=\"http:\/\/argentinamunicipal.com.ar\/argentina\/wp-content\/uploads\/2016\/03\/20160317215629_reunion_con_intendentes_y_dirigentes_de_provincia_con_gioja_en_lomas_1.jpg 620w, http:\/\/argentinamunicipal.com.ar\/argentina\/wp-content\/uploads\/2016\/03\/20160317215629_reunion_con_intendentes_y_dirigentes_de_provincia_con_gioja_en_lomas_1-300x165.jpg 300w\" sizes=\"auto, (max-width: 620px) 100vw, 620px\" \/><\/a><br \/>\nEn un nutrido almuerzo, los dirigentes se reunieron hoy con el vicepresidente de la C\u00e1mara de Diputados de la Naci\u00f3n con el objetivo de buscar la \u201cunidad\u201d del partido. El sanjuanino suma apoyo para ser el pr\u00f3ximo presidente del Partido Justicialista. Variada presencia sciolista.<\/p>\n<p>El Parque del Municipio de Lomas de Zamora fue el lugar de congregaci\u00f3n de los llamados alcaldes \u201cdialoguistas\u201d del FpV y diversos dirigentes peronistas, donde recibieron, escucharon y en un gesto claro, respaldaron simb\u00f3licamente el camino de Jos\u00e9 Luis Gioja como el pr\u00f3ximo titular del PJ Nacional.<\/p>\n<p>Mart\u00edn Insaurralde, ofici\u00f3 de anfitri\u00f3n, y adem\u00e1s estuvieron presentes los jefes comunales Fernando Gray (Esteban Echeverr\u00eda), Mariano Cascallares (Almirante Brown), Gabriel Katopodis (San Mart\u00edn), Juan Pablo de Jes\u00fas (Partido de la Costa), Juan Zabaleta (Hurlingham) y Alberto Descalzo (Ituzaing\u00f3), la mayor\u00eda pertenece al grupo de \u201cintendentes dialoguistas\u201d.<\/p>\n<p>\u00abEs fundamental trabajar por la unidad del peronismo\u00bb, dijo Gioja ante los presentes. Durante el almuerzo, se analiz\u00f3 la situaci\u00f3n del proyecto del Gobierno Nacional para cerrar el acuerdo con los Fondos Buitre, como as\u00ed las diversas posturas que tuvo el FpV\/PJ en la C\u00e1mara de Diputados. La intenci\u00f3n de los congregados es buscar la \u201cunidad del partido\u201d y no ser tan severos con aquellos legisladores que tuvieron actitudes de favoritismo hacia las pol\u00edticas de Mauricio Macri.<\/p>\n<p>Del encuentro, tambi\u00e9n participaron la diputada nacional Cristina \u00c1lvarez Rodr\u00edguez (exministra de Gobierno de Daniel Scioli\u201d, el exlegislador bonaerense y tambi\u00e9n sciolista, Guido Lorenzino , Santiago Alberto Carasatorre (Presidente del Concejo Deliberante de Lomas de Zamora), Jos\u00e9 Eseverri (exintendente de Olavarr\u00eda), Jorge Fern\u00e1ndez (exintendente de Lincoln), Gast\u00f3n Arias (exintendente de Brandsen), el exalcalde de La Plata, Pablo y su hermano Gabriel Bruera, Juan Ignacio Mincarelli (excandidato a intendente de Berisso) y Marcelo Sosa (presidente del bloque de concejales del FpV de Mar Chiquita).<\/p>\n<h6>Fuente: InfoCielo<\/h6>\n","protected":false},"excerpt":{"rendered":"<p>En un nutrido almuerzo, los dirigentes se reunieron hoy con el vicepresidente de la C\u00e1mara de Diputados de la Naci\u00f3n con el objetivo de buscar la \u201cunidad\u201d del partido. El sanjuanino suma apoyo para ser el pr\u00f3ximo presidente del Partido Justicialista. Variada presencia sciolista. El Parque del Municipio de Lomas de Zamora fue el lugar<\/p>\n","protected":false},"author":2,"featured_media":44712,"comment_status":"closed","ping_status":"closed","sticky":false,"template":"","format":"standard","meta":{"footnotes":""},"categories":[4],"tags":[12],"class_list":["post-44711","post","type-post","status-publish","format-standard","has-post-thumbnail","hentry","category-informe-politico","tag-buenos-aires"],"_links":{"self":[{"href":"http:\/\/argentinamunicipal.com.ar\/argentina\/wp-json\/wp\/v2\/posts\/44711","targetHints":{"allow":["GET"]}}],"collection":[{"href":"http:\/\/argentinamunicipal.com.ar\/argentina\/wp-json\/wp\/v2\/posts"}],"about":[{"href":"http:\/\/argentinamunicipal.com.ar\/argentina\/wp-json\/wp\/v2\/types\/post"}],"author":[{"embeddable":true,"href":"http:\/\/argentinamunicipal.com.ar\/argentina\/wp-json\/wp\/v2\/users\/2"}],"replies":[{"embeddable":true,"href":"http:\/\/argentinamunicipal.com.ar\/argentina\/wp-json\/wp\/v2\/comments?post=44711"}],"version-history":[{"count":0,"href":"http:\/\/argentinamunicipal.com.ar\/argentina\/wp-json\/wp\/v2\/posts\/44711\/revisions"}],"wp:featuredmedia":[{"embeddable":true,"href":"http:\/\/argentinamunicipal.com.ar\/argentina\/wp-json\/wp\/v2\/media\/44712"}],"wp:attachment":[{"href":"http:\/\/argentinamunicipal.com.ar\/argentina\/wp-json\/wp\/v2\/media?parent=44711"}],"wp:term":[{"taxonomy":"category","embeddable":true,"href":"http:\/\/argentinamunicipal.com.ar\/argentina\/wp-json\/wp\/v2\/categories?post=44711"},{"taxonomy":"post_tag","embeddable":true,"href":"http:\/\/argentinamunicipal.com.ar\/argentina\/wp-json\/wp\/v2\/tags?post=44711"}],"curies":[{"name":"wp","href":"https:\/\/api.w.org\/{rel}","templated":true}]}}