{"id":44720,"date":"2016-03-18T06:47:35","date_gmt":"2016-03-18T09:47:35","guid":{"rendered":"http:\/\/argentinamunicipal.com.ar\/argentina\/?p=44720"},"modified":"2016-03-18T06:47:35","modified_gmt":"2016-03-18T09:47:35","slug":"intendentes-cambiemos-disenan-una-estrategia-quedarse-control-la-fam","status":"publish","type":"post","link":"http:\/\/argentinamunicipal.com.ar\/argentina\/intendentes-cambiemos-disenan-una-estrategia-quedarse-control-la-fam\/","title":{"rendered":"Intendentes de Cambiemos dise\u00f1an una estrategia para quedarse con el control de la FAM"},"content":{"rendered":"<p><a href=\"http:\/\/argentinamunicipal.com.ar\/argentina\/wp-content\/uploads\/2016\/03\/20160317090401_inte.jpg\"><img loading=\"lazy\" decoding=\"async\" class=\"aligncenter size-full wp-image-44721\" src=\"http:\/\/argentinamunicipal.com.ar\/argentina\/wp-content\/uploads\/2016\/03\/20160317090401_inte.jpg\" alt=\"20160317090401_inte\" width=\"620\" height=\"340\" srcset=\"http:\/\/argentinamunicipal.com.ar\/argentina\/wp-content\/uploads\/2016\/03\/20160317090401_inte.jpg 620w, http:\/\/argentinamunicipal.com.ar\/argentina\/wp-content\/uploads\/2016\/03\/20160317090401_inte-300x165.jpg 300w\" sizes=\"auto, (max-width: 620px) 100vw, 620px\" \/><\/a><br \/>\nSer\u00e1 uno de los temas del encuentro de ma\u00f1ana en San Cayetano. Los jefes comunales piden al FpV que \u00abrespete lo que la gente ha votado\u00bb. El organismo est\u00e1 en manos del intendente de Florencio Varela, Julio Pereyra.<\/p>\n<p>Intendentes de Cambiemos salieron a reclamar el control de la Federaci\u00f3n Argentina de Municipios (FAM) que conduce el kirchnerista Julio Pereyra y anticiparon que dise\u00f1ar\u00e1n una estrategia para quedarse con el organismo y desde all\u00ed, respaldar a Mar\u00eda Eugenia Vidal.<\/p>\n<p>\u00abQuiz\u00e1s sea el momento de ponernos a trabajar para que el conduzca la FAM sea alguien de Cambiemos\u00bb, lanz\u00f3 el intendente de San Cayetano, Miguel Gargaglione, a la agencia T\u00e9lam. El jefe comunal ser\u00e1 anfitri\u00f3n ma\u00f1ana de una reuni\u00f3n en la que radicales y macristas avanzar\u00e1n en la creaci\u00f3n de un foro propio y trazar\u00e1n las primeras estrategias para quedarse con la Federaci\u00f3n.<\/p>\n<p>El encuentro ser\u00e1 desde las 11 en el club Espa\u00f1ol de esa ciudad, a la que fueron invitados, entre otros, los intendentes de Lan\u00fas,\u00a0N\u00e9stor Grindetti, de Vicente L\u00f3pez, Jorge Macri, y de Mor\u00f3n, Ramiro Tagliaferro. Seg\u00fan adelantaron los organizadores, ma\u00f1ana definir\u00e1n tambi\u00e9n la fecha constitutiva del foro propio de Cambiemos al que ser\u00e1 invitada la Gobernadora.<\/p>\n<p>Por su parte, el\u00a0intendente de General Viamonte, Franco Flexcas, reconoci\u00f3 la intenci\u00f3n de Cambiemos de conducir la FAM, pero aclar\u00f3 que eso \u00aba\u00fan es una estrategia en estudio\u00bb. \u00a0\u00abLa FAM tiene que estar bajo el control de Cambiemos porque tenemos la mayor\u00eda de los municipios del pa\u00eds\u00bb, dijo Flexas y pidi\u00f3 que el Frente para la Victoria \u00abrespete lo que la gente ha votado en las elecciones de octubre\u00bb.<\/p>\n<h6>Fuente: InfoCielo<\/h6>\n","protected":false},"excerpt":{"rendered":"<p>Ser\u00e1 uno de los temas del encuentro de ma\u00f1ana en San Cayetano. Los jefes comunales piden al FpV que \u00abrespete lo que la gente ha votado\u00bb. El organismo est\u00e1 en manos del intendente de Florencio Varela, Julio Pereyra. Intendentes de Cambiemos salieron a reclamar el control de la Federaci\u00f3n Argentina de Municipios (FAM) que conduce<\/p>\n","protected":false},"author":2,"featured_media":44721,"comment_status":"closed","ping_status":"closed","sticky":false,"template":"","format":"standard","meta":{"footnotes":""},"categories":[4],"tags":[12],"class_list":["post-44720","post","type-post","status-publish","format-standard","has-post-thumbnail","hentry","category-informe-politico","tag-buenos-aires"],"_links":{"self":[{"href":"http:\/\/argentinamunicipal.com.ar\/argentina\/wp-json\/wp\/v2\/posts\/44720","targetHints":{"allow":["GET"]}}],"collection":[{"href":"http:\/\/argentinamunicipal.com.ar\/argentina\/wp-json\/wp\/v2\/posts"}],"about":[{"href":"http:\/\/argentinamunicipal.com.ar\/argentina\/wp-json\/wp\/v2\/types\/post"}],"author":[{"embeddable":true,"href":"http:\/\/argentinamunicipal.com.ar\/argentina\/wp-json\/wp\/v2\/users\/2"}],"replies":[{"embeddable":true,"href":"http:\/\/argentinamunicipal.com.ar\/argentina\/wp-json\/wp\/v2\/comments?post=44720"}],"version-history":[{"count":0,"href":"http:\/\/argentinamunicipal.com.ar\/argentina\/wp-json\/wp\/v2\/posts\/44720\/revisions"}],"wp:featuredmedia":[{"embeddable":true,"href":"http:\/\/argentinamunicipal.com.ar\/argentina\/wp-json\/wp\/v2\/media\/44721"}],"wp:attachment":[{"href":"http:\/\/argentinamunicipal.com.ar\/argentina\/wp-json\/wp\/v2\/media?parent=44720"}],"wp:term":[{"taxonomy":"category","embeddable":true,"href":"http:\/\/argentinamunicipal.com.ar\/argentina\/wp-json\/wp\/v2\/categories?post=44720"},{"taxonomy":"post_tag","embeddable":true,"href":"http:\/\/argentinamunicipal.com.ar\/argentina\/wp-json\/wp\/v2\/tags?post=44720"}],"curies":[{"name":"wp","href":"https:\/\/api.w.org\/{rel}","templated":true}]}}