{"id":44729,"date":"2016-03-18T07:08:37","date_gmt":"2016-03-18T10:08:37","guid":{"rendered":"http:\/\/argentinamunicipal.com.ar\/argentina\/?p=44729"},"modified":"2016-03-18T07:08:37","modified_gmt":"2016-03-18T10:08:37","slug":"rio-cuarto-insistiran-los-trapitos-laven-autos-la-unrc","status":"publish","type":"post","link":"http:\/\/argentinamunicipal.com.ar\/argentina\/rio-cuarto-insistiran-los-trapitos-laven-autos-la-unrc\/","title":{"rendered":"En R\u00edo Cuarto\u00a0insistir\u00e1n para que los trapitos laven autos en la UNRC"},"content":{"rendered":"<p><a href=\"http:\/\/argentinamunicipal.com.ar\/argentina\/wp-content\/uploads\/2016\/03\/0002524022.jpg\"><img loading=\"lazy\" decoding=\"async\" class=\"aligncenter  wp-image-44730\" src=\"http:\/\/argentinamunicipal.com.ar\/argentina\/wp-content\/uploads\/2016\/03\/0002524022.jpg\" alt=\"0002524022\" width=\"633\" height=\"356\" srcset=\"http:\/\/argentinamunicipal.com.ar\/argentina\/wp-content\/uploads\/2016\/03\/0002524022.jpg 1170w, http:\/\/argentinamunicipal.com.ar\/argentina\/wp-content\/uploads\/2016\/03\/0002524022-300x169.jpg 300w, http:\/\/argentinamunicipal.com.ar\/argentina\/wp-content\/uploads\/2016\/03\/0002524022-768x432.jpg 768w, http:\/\/argentinamunicipal.com.ar\/argentina\/wp-content\/uploads\/2016\/03\/0002524022-1024x576.jpg 1024w\" sizes=\"auto, (max-width: 633px) 100vw, 633px\" \/><\/a><br \/>\nPese al rechazo del Consejo\u2008Superior, la Fundaci\u00f3n Social volver\u00e1 a presentar el proyecto. Gonzalo Parodi dijo que la negativa de la casa de altos estudios es un mensaje conservador para la sociedad<\/p>\n<p>Tras el rechazo del Consejo Superior de la Universidad a la posibilidad de que los trapitos laven autos en el campus, desde la Fundaci\u00f3n Social de la Municipalidad adelantaron que insistir\u00e1n para que el proyecto sea reconsiderado.<\/p>\n<p>En ese sentido, cabe recordar que la casa de altos estudios determin\u00f3, a trav\u00e9s de distintas comisiones que analizaron el tema, que la propuesta presentada el a\u00f1o pasado no es conveniente por diversos motivos, por lo que no acept\u00f3 la firma de un convenio.<\/p>\n<p>Al respecto, el subsecretario de Promoci\u00f3n Social, Gonzalo Parodi, dijo a PUNTAL que la iniciativa ya ha sido probada en otras partes del pa\u00eds, por lo que est\u00e1n convencidos de que se puede poner en pr\u00e1ctica en la ciudad. A la vez, el funcionario municipal lament\u00f3 que no hayan sido convocados por el Consejo Superior para conocer su decisi\u00f3n y anticip\u00f3 que apelar\u00e1n el rechazo.<\/p>\n<p>\u201cEl plan es volver a hablar con la Universidad. Creemos que pudo haber una mala interpretaci\u00f3n del proyecto, porque de lo contrario no entendemos por qu\u00e9 no se puede aplicar esta propuesta que tiene por objetivo lograr una sociedad un poco m\u00e1s justa e inclusiva\u201d, indic\u00f3.<\/p>\n<p>Parodi record\u00f3 que el sistema que se quiere poner en funcionamiento consiste en un servicio de lavado ecol\u00f3gico de autom\u00f3viles en el campus, que estar\u00eda a cargo de cinco j\u00f3venes limpiavidrios mayores de 16 a\u00f1os que, hasta este momento, trabajan en las calles de la ciudad.<\/p>\n<p>Adem\u00e1s, se\u00f1al\u00f3 que tambi\u00e9n est\u00e1 pensado que haya un representante de la Secretar\u00eda de Ni\u00f1ez, Adolescencia y Familia (Senaf) y otro del \u00e1rea de Promoci\u00f3n Social para controlar las actividades.<\/p>\n<p>\u201cCreemos que una instituci\u00f3n p\u00fablica como la Universidad tiene que tener un compromiso social. No entiendo por qu\u00e9 se dice que no hay un espacio para hacerlo, si el sitio necesario es el propio campus. Tampoco tiene que ver con una cuesti\u00f3n comercial, porque la Universidad no va a tener que vender absolutamente nada para que los lavaautos puedan trabajar. La verdad es que cuando presentamos el proyecto en la Universidad hab\u00eda un discurso interno muy progresista, por lo que creo que el rechazo a la propuesta fue una decisi\u00f3n adoptada sin conocimiento, porque, si no es as\u00ed, se trata de una acci\u00f3n con un mensaje conservador para la sociedad. Evidentemente han hecho una lectura err\u00f3nea del proyecto\u201d, agreg\u00f3 Parodi.<\/p>\n<p>\u201cTodos los que fuimos a la Universidad p\u00fablica sabemos que la misma se financia por el aporte de las personas que compran productos en cualquier negocio. Por lo tanto, los chicos que lavan vidrios en el sem\u00e1foro tambi\u00e9n financian la Universidad\u201d, acot\u00f3 el responsable de la Fundaci\u00f3n Social.<\/p>\n<p>Consultado sobre por qu\u00e9 es tan fundamental el campus, Parodi asegur\u00f3 que el proyecto necesita un espacio como ese porque all\u00ed se da un mercado cautivo debido a la gran cantidad de autos que todos los d\u00edas circulan por el lugar.<\/p>\n<p>\u201cEsto funciona cuando la gente puede hacer otras cosas mientras le lavan el auto. Por eso es necesario un espacio como el campus\u201d, detall\u00f3.<\/p>\n<p>Por \u00faltimo, Parodi precis\u00f3 que cuentan con el acompa\u00f1amiento de varios empresarios para que tambi\u00e9n la parte privada tenga su participaci\u00f3n y aporte al proyecto.<\/p>\n<p>La postura de la Universidad<\/p>\n<p>A todo esto, el secretario general de la Universidad, Enrique B\u00e9rgamo, asegur\u00f3 a PUNTAL que todos los despachos de las distintas comisiones a las que el proyecto fue girado fueron negativos.<\/p>\n<p>El principal argumento es que la casa de altos estudios no puede garantizar la seguridad de las personas que eventualmente trabajar\u00edan en el campus ni la de los veh\u00edculos que se llevar\u00edan al lavadero.<\/p>\n<p>\u201cNo hay forma de organizarlo porque la Universidad no tiene horarios de ingreso y salida. Se entendi\u00f3 que cualquier cosa que pudiera pasar le iba a ser reclamada a la Universidad\u201d, explic\u00f3 B\u00e9rgamo.<\/p>\n<p>El secretario a\u00f1adi\u00f3 que la determinaci\u00f3n adoptada no tiene que ver con un tema de presupuesto, ya que el costo de la implementaci\u00f3n iba a estar a cargo del Municipio.<\/p>\n<p>\u201cTambi\u00e9n se trajo a colaci\u00f3n un antecedente del a\u00f1o 2013, cuando un grupo de alumnos de las residencias universitarias present\u00f3 un proyecto de lavadero estudiantil, al que tampoco se le hizo lugar\u201d, finaliz\u00f3 B\u00e9rgamo.<\/p>\n<h6>Fuente: Puntal<\/h6>\n","protected":false},"excerpt":{"rendered":"<p>Pese al rechazo del Consejo\u2008Superior, la Fundaci\u00f3n Social volver\u00e1 a presentar el proyecto. Gonzalo Parodi dijo que la negativa de la casa de altos estudios es un mensaje conservador para la sociedad Tras el rechazo del Consejo Superior de la Universidad a la posibilidad de que los trapitos laven autos en el campus, desde la<\/p>\n","protected":false},"author":2,"featured_media":44730,"comment_status":"closed","ping_status":"closed","sticky":false,"template":"","format":"standard","meta":{"footnotes":""},"categories":[2],"tags":[3],"class_list":["post-44729","post","type-post","status-publish","format-standard","has-post-thumbnail","hentry","category-informe-municipal","tag-cordoba"],"_links":{"self":[{"href":"http:\/\/argentinamunicipal.com.ar\/argentina\/wp-json\/wp\/v2\/posts\/44729","targetHints":{"allow":["GET"]}}],"collection":[{"href":"http:\/\/argentinamunicipal.com.ar\/argentina\/wp-json\/wp\/v2\/posts"}],"about":[{"href":"http:\/\/argentinamunicipal.com.ar\/argentina\/wp-json\/wp\/v2\/types\/post"}],"author":[{"embeddable":true,"href":"http:\/\/argentinamunicipal.com.ar\/argentina\/wp-json\/wp\/v2\/users\/2"}],"replies":[{"embeddable":true,"href":"http:\/\/argentinamunicipal.com.ar\/argentina\/wp-json\/wp\/v2\/comments?post=44729"}],"version-history":[{"count":0,"href":"http:\/\/argentinamunicipal.com.ar\/argentina\/wp-json\/wp\/v2\/posts\/44729\/revisions"}],"wp:featuredmedia":[{"embeddable":true,"href":"http:\/\/argentinamunicipal.com.ar\/argentina\/wp-json\/wp\/v2\/media\/44730"}],"wp:attachment":[{"href":"http:\/\/argentinamunicipal.com.ar\/argentina\/wp-json\/wp\/v2\/media?parent=44729"}],"wp:term":[{"taxonomy":"category","embeddable":true,"href":"http:\/\/argentinamunicipal.com.ar\/argentina\/wp-json\/wp\/v2\/categories?post=44729"},{"taxonomy":"post_tag","embeddable":true,"href":"http:\/\/argentinamunicipal.com.ar\/argentina\/wp-json\/wp\/v2\/tags?post=44729"}],"curies":[{"name":"wp","href":"https:\/\/api.w.org\/{rel}","templated":true}]}}