{"id":44732,"date":"2016-03-18T07:30:27","date_gmt":"2016-03-18T10:30:27","guid":{"rendered":"http:\/\/argentinamunicipal.com.ar\/argentina\/?p=44732"},"modified":"2016-03-29T08:27:22","modified_gmt":"2016-03-29T11:27:22","slug":"rosario-desde-julio-grandes-supermercados-no-podran-abrir-los-dias-domingo","status":"publish","type":"post","link":"http:\/\/argentinamunicipal.com.ar\/argentina\/rosario-desde-julio-grandes-supermercados-no-podran-abrir-los-dias-domingo\/","title":{"rendered":"Rosario: Desde julio, grandes supermercados no podr\u00e1n abrir los d\u00edas domingo"},"content":{"rendered":"<p><a href=\"http:\/\/argentinamunicipal.com.ar\/argentina\/wp-content\/uploads\/2016\/03\/C301-vincenti.jpg_1122219374.jpg\"><img loading=\"lazy\" decoding=\"async\" class=\"aligncenter size-full wp-image-44733\" src=\"http:\/\/argentinamunicipal.com.ar\/argentina\/wp-content\/uploads\/2016\/03\/C301-vincenti.jpg_1122219374.jpg\" alt=\"C301--vincenti.jpg_1122219374\" width=\"606\" height=\"408\" srcset=\"http:\/\/argentinamunicipal.com.ar\/argentina\/wp-content\/uploads\/2016\/03\/C301-vincenti.jpg_1122219374.jpg 606w, http:\/\/argentinamunicipal.com.ar\/argentina\/wp-content\/uploads\/2016\/03\/C301-vincenti.jpg_1122219374-300x202.jpg 300w\" sizes=\"auto, (max-width: 606px) 100vw, 606px\" \/><\/a><br \/>\nEl debate llev\u00f3 casi cinco horas. Hubo fuertes discursos y repudio a la amenaza de 350 despidos que hicieron las cadenas nacionales. El Concejo lo aprob\u00f3 por 21 a 6.<\/p>\n<p>Por amplia mayor\u00eda, el Concejo aprob\u00f3 ayer la adhesi\u00f3n local a la ley provincial de descanso dominical. Desde julio, no podr\u00e1n abrir en la ciudad los d\u00edas domingo, los supermercados de m\u00e1s de 1.200 metros cuadrados. El debate insumi\u00f3 casi cinco horas en el recinto, en una sesi\u00f3n cargada de intensidad pol\u00edtica, dentro y fuera del Palacio Vasallo. El proyecto fue avalado por todos los bloques menos el PRO y el radical frentista Mart\u00edn Ros\u00faa. Hubo adem\u00e1s, un un\u00e1nime rechazo a la amenaza empresaria de despedir 350 trabajadores locales por la entrada en vigencia de la norma.<\/p>\n<p>Un a\u00f1o y medio despu\u00e9s de que la Legislatura santafesina sancionara la ley de descanso dominical, el municipio adhiri\u00f3 a trav\u00e9s de una pol\u00e9mica ordenanza.<\/p>\n<p>Los ediles s\u00f3lo acordaron la restricci\u00f3n para que abran sus puertas los domingos los grandes supermercados habilitados en la ciudad, entre 30 y 35. Dejaron afuera a los s\u00faper de hasta 1.199 metros cuadrados y al resto de los rubros comerciales.<\/p>\n<p>Adem\u00e1s, acordaron que la entrada en vigencia de la regulaci\u00f3n sea el 1\u00ba de julio, para que el Departamento Ejecutivo tenga tiempo para reglamentar sus alcances.<\/p>\n<p>A lo largo de la sesi\u00f3n hubo tensi\u00f3n pol\u00edtica dentro y fuera del recinto. Desde afuera se escuchaban las bombas y los c\u00e1nticos. Adentro, la tribuna estaba repleta de dirigentes del sindicato mercantil y de entidades empresarias que apoyaban la iniciativa y aplaud\u00edan cada moci\u00f3n a favor.<\/p>\n<p>Los discursos fueron largos, repletos de citas hist\u00f3ricas, argumentos ideol\u00f3gicos y recurrentes menciones a los derechos laborales. Tambi\u00e9n hubo un reconocimiento expl\u00edcito de que la ordenanza sancionada ayer no era la ideal, pero fue la que logr\u00f3 consenso entre varios bloques para destrabar la discusi\u00f3n.<\/p>\n<p>Cada intervenci\u00f3n, incluso de quienes votaron en contra, incluy\u00f3 un fuerte repudio a la amenaza de la Asociaci\u00f3n de Supermercados Unidos (ASU) que nuclea a grandes cadenas nacionales afincadas en la ciudad, de inminentes 350 despidos de trabajadores.<\/p>\n<p>La lista de oradores la abri\u00f3 el jefe de la bancada socialista, Horacio Ghirardi. \u00abEste es un primer paso que dar\u00e1 cumplimiento a una larga lucha y reclamo de los trabajadores, quienes podr\u00e1n compartir tiempo de ocio y descanso en familia\u00bb, se\u00f1al\u00f3.<\/p>\n<p>Una de las m\u00e1s enf\u00e1ticas en exponer fue la radical Mar\u00eda Eugenia Schmuck. \u00abHoy estamos haciendo historia en este Concejo, a favor de los que menos tienen. Los m\u00e1s poderosos tendr\u00e1n que revisar sus estrategias comerciales para no perder plata como dicen\u00bb, asever\u00f3.<\/p>\n<p>Desde el PRO, Carlos Cardozo remarc\u00f3 que su bancada estaba a favor de un \u00abverdadero descaso dominical, amplio. Esto es m\u00e1s bien un cierre para algunos sectores, que no favorecer\u00e1 a los trabajadores y pone en riesgo muchas fuentes de trabajo. Adem\u00e1s, va a haber un aluvi\u00f3n de cautelares en la Justicia por la dudosa legalidad del texto\u00bb, indic\u00f3.<\/p>\n<p>El radical frentista Mart\u00edn Ros\u00faa plante\u00f3 reparos a la \u00abcompetencia del municipio para regular cuestiones establecidas en la ley de contrato de trabajo\u00bb, objet\u00f3 que no sea universal la restricci\u00f3n, y anticip\u00f3 objeciones legales en la Justicia.<\/p>\n<p>Cinco horas despu\u00e9s de haber iniciado el debate lleg\u00f3 el momento de la votaci\u00f3n. Una abrumadora mayor\u00eda apoy\u00f3 la adhesi\u00f3n. El recinto estall\u00f3 en aplausos, hubo abrazos y hasta l\u00e1grimas entre dirigentes gremiales y trabajadores que desde hace a\u00f1os vienen peleando por el descanso dominical.<\/p>\n<p><strong>Lifschitz, cr\u00edtico<\/strong><\/p>\n<p>El gobernador Miguel Lifschitz cuestion\u00f3 la adhesi\u00f3n en Rosario a la ley de descanso dominical aprobada ayer en el Concejo al decir que \u201cno es atinada en este momento\u201d. En declaraciones a Radio 10 en Capital Federal, agreg\u00f3: \u201cHay much\u00edsima gente sin trabajo que estar\u00eda deseosa de encontrarlo, aunque sea el d\u00eda domingo\u201d.<\/p>\n<h6>Fuente: La capital, Rosario<\/h6>\n","protected":false},"excerpt":{"rendered":"<p>El debate llev\u00f3 casi cinco horas. Hubo fuertes discursos y repudio a la amenaza de 350 despidos que hicieron las cadenas nacionales. El Concejo lo aprob\u00f3 por 21 a 6.<\/p>\n","protected":false},"author":2,"featured_media":44733,"comment_status":"closed","ping_status":"closed","sticky":false,"template":"","format":"standard","meta":{"footnotes":""},"categories":[2],"tags":[10],"class_list":["post-44732","post","type-post","status-publish","format-standard","has-post-thumbnail","hentry","category-informe-municipal","tag-santa-fe"],"_links":{"self":[{"href":"http:\/\/argentinamunicipal.com.ar\/argentina\/wp-json\/wp\/v2\/posts\/44732","targetHints":{"allow":["GET"]}}],"collection":[{"href":"http:\/\/argentinamunicipal.com.ar\/argentina\/wp-json\/wp\/v2\/posts"}],"about":[{"href":"http:\/\/argentinamunicipal.com.ar\/argentina\/wp-json\/wp\/v2\/types\/post"}],"author":[{"embeddable":true,"href":"http:\/\/argentinamunicipal.com.ar\/argentina\/wp-json\/wp\/v2\/users\/2"}],"replies":[{"embeddable":true,"href":"http:\/\/argentinamunicipal.com.ar\/argentina\/wp-json\/wp\/v2\/comments?post=44732"}],"version-history":[{"count":0,"href":"http:\/\/argentinamunicipal.com.ar\/argentina\/wp-json\/wp\/v2\/posts\/44732\/revisions"}],"wp:featuredmedia":[{"embeddable":true,"href":"http:\/\/argentinamunicipal.com.ar\/argentina\/wp-json\/wp\/v2\/media\/44733"}],"wp:attachment":[{"href":"http:\/\/argentinamunicipal.com.ar\/argentina\/wp-json\/wp\/v2\/media?parent=44732"}],"wp:term":[{"taxonomy":"category","embeddable":true,"href":"http:\/\/argentinamunicipal.com.ar\/argentina\/wp-json\/wp\/v2\/categories?post=44732"},{"taxonomy":"post_tag","embeddable":true,"href":"http:\/\/argentinamunicipal.com.ar\/argentina\/wp-json\/wp\/v2\/tags?post=44732"}],"curies":[{"name":"wp","href":"https:\/\/api.w.org\/{rel}","templated":true}]}}