{"id":44751,"date":"2016-03-18T07:59:22","date_gmt":"2016-03-18T10:59:22","guid":{"rendered":"http:\/\/argentinamunicipal.com.ar\/argentina\/?p=44751"},"modified":"2016-03-18T07:59:22","modified_gmt":"2016-03-18T10:59:22","slug":"presentaron-san-carlos-centro-programa-munigestion","status":"publish","type":"post","link":"http:\/\/argentinamunicipal.com.ar\/argentina\/presentaron-san-carlos-centro-programa-munigestion\/","title":{"rendered":"Presentaron en San Carlos Centro el Programa Munigesti\u00f3n"},"content":{"rendered":"<p>&nbsp;<\/p>\n<p><a href=\"http:\/\/argentinamunicipal.com.ar\/argentina\/wp-content\/uploads\/2016\/03\/4-C-plazasanmartin.jpg\"><img loading=\"lazy\" decoding=\"async\" class=\"aligncenter  wp-image-44752\" src=\"http:\/\/argentinamunicipal.com.ar\/argentina\/wp-content\/uploads\/2016\/03\/4-C-plazasanmartin.jpg\" alt=\"4-C-plazasanmartin\" width=\"659\" height=\"439\" srcset=\"http:\/\/argentinamunicipal.com.ar\/argentina\/wp-content\/uploads\/2016\/03\/4-C-plazasanmartin.jpg 2000w, http:\/\/argentinamunicipal.com.ar\/argentina\/wp-content\/uploads\/2016\/03\/4-C-plazasanmartin-300x200.jpg 300w, http:\/\/argentinamunicipal.com.ar\/argentina\/wp-content\/uploads\/2016\/03\/4-C-plazasanmartin-768x512.jpg 768w, http:\/\/argentinamunicipal.com.ar\/argentina\/wp-content\/uploads\/2016\/03\/4-C-plazasanmartin-1024x682.jpg 1024w\" sizes=\"auto, (max-width: 659px) 100vw, 659px\" \/><\/a><\/p>\n<p>En un encuentro encabezado por el intendente de San Carlos Centro, Ing. Jorge Placenzotti, y del cual participaron funcionarios municipales, concejales y presidentes comunales, la directora de Acci\u00f3n Territorial de la UNL Carolina Sanchis present\u00f3 el Programa de Capacitaci\u00f3n para Municipios y Comunas (Munigesti\u00f3n). \u201cA partir del convenio entre la Universidad Nacional del Litoral (UNL) y la Universidad Nacional de Rosario (UNR), se generan lineamientos de acci\u00f3n y ejecuci\u00f3n para brindar capacitaci\u00f3n a los gobiernos locales de la provincia de Santa Fe y a sus agentes, entendi\u00e9ndola como una herramienta prioritaria para el fortalecimiento de las capacidades de gesti\u00f3n e innovaci\u00f3n pol\u00edtica\u201d, indicaron desde el municipio. El programa tiene como prop\u00f3sito general incrementar las oportunidades de formaci\u00f3n de los equipos t\u00e9cnicos y pol\u00edticos de gobiernos locales que fortalezcan las capacidades de gesti\u00f3n e innovaci\u00f3n pol\u00edtica. Este programa de capacitaci\u00f3n se construye teniendo en cuenta las caracter\u00edsticas y necesidades propias de cada uno de los territorios.<\/p>\n<p>\u201cLos destinatarios del programa pueden distinguirse en intendentes, presidentes comunales, secretarios de la gesti\u00f3n (gabinete), concejales, funcionarios pol\u00edticos, funcionarios de carrera; Personal t\u00e9cnico responsable de \u00e1reas de producci\u00f3n y servicios: jefes de planta, t\u00e9cnicos especialistas, operarios, etc.; Profesionales: cuyas incumbencias refieran a la tem\u00e1tica municipal\u201d, puntualizaron.<\/p>\n<h6>Fuente: El Litoral Santa Fe<\/h6>\n","protected":false},"excerpt":{"rendered":"<p>&nbsp; En un encuentro encabezado por el intendente de San Carlos Centro, Ing. Jorge Placenzotti, y del cual participaron funcionarios municipales, concejales y presidentes comunales, la directora de Acci\u00f3n Territorial de la UNL Carolina Sanchis present\u00f3 el Programa de Capacitaci\u00f3n para Municipios y Comunas (Munigesti\u00f3n). \u201cA partir del convenio entre la Universidad Nacional del Litoral<\/p>\n","protected":false},"author":2,"featured_media":44752,"comment_status":"closed","ping_status":"closed","sticky":false,"template":"","format":"standard","meta":{"footnotes":""},"categories":[2],"tags":[10],"class_list":["post-44751","post","type-post","status-publish","format-standard","has-post-thumbnail","hentry","category-informe-municipal","tag-santa-fe"],"_links":{"self":[{"href":"http:\/\/argentinamunicipal.com.ar\/argentina\/wp-json\/wp\/v2\/posts\/44751","targetHints":{"allow":["GET"]}}],"collection":[{"href":"http:\/\/argentinamunicipal.com.ar\/argentina\/wp-json\/wp\/v2\/posts"}],"about":[{"href":"http:\/\/argentinamunicipal.com.ar\/argentina\/wp-json\/wp\/v2\/types\/post"}],"author":[{"embeddable":true,"href":"http:\/\/argentinamunicipal.com.ar\/argentina\/wp-json\/wp\/v2\/users\/2"}],"replies":[{"embeddable":true,"href":"http:\/\/argentinamunicipal.com.ar\/argentina\/wp-json\/wp\/v2\/comments?post=44751"}],"version-history":[{"count":0,"href":"http:\/\/argentinamunicipal.com.ar\/argentina\/wp-json\/wp\/v2\/posts\/44751\/revisions"}],"wp:featuredmedia":[{"embeddable":true,"href":"http:\/\/argentinamunicipal.com.ar\/argentina\/wp-json\/wp\/v2\/media\/44752"}],"wp:attachment":[{"href":"http:\/\/argentinamunicipal.com.ar\/argentina\/wp-json\/wp\/v2\/media?parent=44751"}],"wp:term":[{"taxonomy":"category","embeddable":true,"href":"http:\/\/argentinamunicipal.com.ar\/argentina\/wp-json\/wp\/v2\/categories?post=44751"},{"taxonomy":"post_tag","embeddable":true,"href":"http:\/\/argentinamunicipal.com.ar\/argentina\/wp-json\/wp\/v2\/tags?post=44751"}],"curies":[{"name":"wp","href":"https:\/\/api.w.org\/{rel}","templated":true}]}}