{"id":44775,"date":"2016-03-19T08:45:47","date_gmt":"2016-03-19T11:45:47","guid":{"rendered":"http:\/\/argentinamunicipal.com.ar\/argentina\/?p=44775"},"modified":"2016-03-19T08:45:47","modified_gmt":"2016-03-19T11:45:47","slug":"cambiemos-prepara-zarpazo-la-fam-reunira-foro-intendentes-diez-dias","status":"publish","type":"post","link":"http:\/\/argentinamunicipal.com.ar\/argentina\/cambiemos-prepara-zarpazo-la-fam-reunira-foro-intendentes-diez-dias\/","title":{"rendered":"Cambiemos prepara el zarpazo a la FAM: Reunir\u00e1 a su \u201cForo de intendentes\u201d en diez d\u00edas"},"content":{"rendered":"<p><a href=\"http:\/\/argentinamunicipal.com.ar\/argentina\/wp-content\/uploads\/2016\/03\/20160318181431_foroucr2.jpg\"><img loading=\"lazy\" decoding=\"async\" class=\"aligncenter size-full wp-image-44776\" src=\"http:\/\/argentinamunicipal.com.ar\/argentina\/wp-content\/uploads\/2016\/03\/20160318181431_foroucr2.jpg\" alt=\"20160318181431_foroucr2\" width=\"620\" height=\"340\" srcset=\"http:\/\/argentinamunicipal.com.ar\/argentina\/wp-content\/uploads\/2016\/03\/20160318181431_foroucr2.jpg 620w, http:\/\/argentinamunicipal.com.ar\/argentina\/wp-content\/uploads\/2016\/03\/20160318181431_foroucr2-300x165.jpg 300w\" sizes=\"auto, (max-width: 620px) 100vw, 620px\" \/><\/a><br \/>\nSe decidi\u00f3 hoy durante la cumbre de alcaldes radicales de la que participaron funcionarios del PRO. Buscan hacer n\u00famero para pelearle la conducci\u00f3n de la Federaci\u00f3n Argentina de Municipios al peronista Julio Pereyra.<\/p>\n<p>Los alcaldes bonaerenses de la UCR convinieron con sus pares del PRO la conformaci\u00f3n de un \u201cForo de Intendentes de Cambiemos\u201d, paso previo para la conformaci\u00f3n de un bloque que le dispute el poder al FpV-PJ dentro de la Federaci\u00f3n Argentina de Municipios.<\/p>\n<p>La jugada estaba planteada en el tablero y s\u00f3lo restaba mover la \u00faltima pieza: la reuni\u00f3n que se celebr\u00f3 hoy en San Cayetano, presidido por el local Miguel Gargaglione, y que convoc\u00f3 al tradicional espacio radical y a los intendentes m\u00e1s representativos del PRO, como N\u00e9stor Grindetti, de Lan\u00fas, y a Jorge Macri, de Vicente L\u00f3pez.<\/p>\n<p>En el encuentro se dio el paso burocr\u00e1tico previo a salir a disputar la FAM: la convocatoria, para dentro de diez d\u00edas, del primer \u201cForo Cambiemos\u201d, que se llevar\u00e1 a cabo en La Plata. All\u00ed se buscar\u00e1 aprovechar la mayor\u00eda que ambas fuerzas \u2013el PRO y la UCR- combinadas tienen sobre el FpV, luego de la elecci\u00f3n del a\u00f1o pasado.<\/p>\n<p>Hab\u00eda un paso previo. La gobernadora Mar\u00eda Eugenia Vidal hab\u00eda citado a radicales y macristas para una cumbre en la Gobernaci\u00f3n, para el lunes a las 17. Sin embargo, la cita qued\u00f3 levantada ayer, sin mayores explicaciones. Hoy, varios Jefes Comunales se comieron la curva y anunciaron su participaci\u00f3n el c\u00f3nclave frustrado.<\/p>\n<p>El panorama de cara a los pr\u00f3ximos tres a\u00f1os es especialmente atractivo para los intendentes radicales, que pasaron de utilizar el foro como lobby ante el gobierno de Daniel Scioli para conseguir algunas \u2013pocas- obras y fondos en cada instancia de debate legislativo. Ahora, buscan el control de la FAM.<\/p>\n<h6>Fuente: InfoCielo<\/h6>\n","protected":false},"excerpt":{"rendered":"<p>Se decidi\u00f3 hoy durante la cumbre de alcaldes radicales de la que participaron funcionarios del PRO. Buscan hacer n\u00famero para pelearle la conducci\u00f3n de la Federaci\u00f3n Argentina de Municipios al peronista Julio Pereyra. Los alcaldes bonaerenses de la UCR convinieron con sus pares del PRO la conformaci\u00f3n de un \u201cForo de Intendentes de Cambiemos\u201d, paso<\/p>\n","protected":false},"author":2,"featured_media":44776,"comment_status":"closed","ping_status":"closed","sticky":false,"template":"","format":"standard","meta":{"footnotes":""},"categories":[4],"tags":[12],"class_list":["post-44775","post","type-post","status-publish","format-standard","has-post-thumbnail","hentry","category-informe-politico","tag-buenos-aires"],"_links":{"self":[{"href":"http:\/\/argentinamunicipal.com.ar\/argentina\/wp-json\/wp\/v2\/posts\/44775","targetHints":{"allow":["GET"]}}],"collection":[{"href":"http:\/\/argentinamunicipal.com.ar\/argentina\/wp-json\/wp\/v2\/posts"}],"about":[{"href":"http:\/\/argentinamunicipal.com.ar\/argentina\/wp-json\/wp\/v2\/types\/post"}],"author":[{"embeddable":true,"href":"http:\/\/argentinamunicipal.com.ar\/argentina\/wp-json\/wp\/v2\/users\/2"}],"replies":[{"embeddable":true,"href":"http:\/\/argentinamunicipal.com.ar\/argentina\/wp-json\/wp\/v2\/comments?post=44775"}],"version-history":[{"count":0,"href":"http:\/\/argentinamunicipal.com.ar\/argentina\/wp-json\/wp\/v2\/posts\/44775\/revisions"}],"wp:featuredmedia":[{"embeddable":true,"href":"http:\/\/argentinamunicipal.com.ar\/argentina\/wp-json\/wp\/v2\/media\/44776"}],"wp:attachment":[{"href":"http:\/\/argentinamunicipal.com.ar\/argentina\/wp-json\/wp\/v2\/media?parent=44775"}],"wp:term":[{"taxonomy":"category","embeddable":true,"href":"http:\/\/argentinamunicipal.com.ar\/argentina\/wp-json\/wp\/v2\/categories?post=44775"},{"taxonomy":"post_tag","embeddable":true,"href":"http:\/\/argentinamunicipal.com.ar\/argentina\/wp-json\/wp\/v2\/tags?post=44775"}],"curies":[{"name":"wp","href":"https:\/\/api.w.org\/{rel}","templated":true}]}}