{"id":44778,"date":"2016-03-19T08:47:41","date_gmt":"2016-03-19T11:47:41","guid":{"rendered":"http:\/\/argentinamunicipal.com.ar\/argentina\/?p=44778"},"modified":"2016-03-19T08:47:41","modified_gmt":"2016-03-19T11:47:41","slug":"kirchnerismo-dara-una-muestra-fuerza-plenario-cara-las-internas-del-pj","status":"publish","type":"post","link":"http:\/\/argentinamunicipal.com.ar\/argentina\/kirchnerismo-dara-una-muestra-fuerza-plenario-cara-las-internas-del-pj\/","title":{"rendered":"El kirchnerismo dar\u00e1 una muestra de fuerza en un plenario, de cara a las internas del PJ"},"content":{"rendered":"<p><a href=\"http:\/\/argentinamunicipal.com.ar\/argentina\/wp-content\/uploads\/2016\/03\/20160319082052_la_campora.jpg\"><img loading=\"lazy\" decoding=\"async\" class=\"aligncenter size-full wp-image-44779\" src=\"http:\/\/argentinamunicipal.com.ar\/argentina\/wp-content\/uploads\/2016\/03\/20160319082052_la_campora.jpg\" alt=\"20160319082052_la_campora\" width=\"620\" height=\"340\" srcset=\"http:\/\/argentinamunicipal.com.ar\/argentina\/wp-content\/uploads\/2016\/03\/20160319082052_la_campora.jpg 620w, http:\/\/argentinamunicipal.com.ar\/argentina\/wp-content\/uploads\/2016\/03\/20160319082052_la_campora-300x165.jpg 300w\" sizes=\"auto, (max-width: 620px) 100vw, 620px\" \/><\/a><br \/>\nEl kirchnerismo realizar\u00e1 hoy un plenario en Avellaneda en medio de la interna que atraviesa al PJ respecto del rol que debe adoptar frente al Gobierno, con el objetivo de dar una demostraci\u00f3n de fuerza de cara a las elecciones partidarias que se llevar\u00e1n a cabo el 8 de mayo.<\/p>\n<p>Distintos sectores del Frente para la Victoria (FpV) se dar\u00e1n cita desde las 14 en el encuentro \u00abArgentina para Todos. Queremos Patria\u00bb, que se llevar\u00e1 a cabo en la sede de la Universidad Tecnol\u00f3gica Nacional (UTN) de Avellaneda, distrito comandado por Jorge Ferraresi, uno de los referentes del sector que se opone al acuerdo del macrismo con los holdouts.<\/p>\n<p>Seg\u00fan inform\u00f3 la agencia DyN, al encuentro asistir\u00e1n no s\u00f3lo referentes de La C\u00e1mpora y representantes de la corriente m\u00e1s dura del PJ, como el chaque\u00f1o Jorge Capitanich, sino que el c\u00f3nclave tambi\u00e9n contar\u00e1 con la presencia del ex candidato presidencial Daniel Scioli, quien estar\u00e1 a cargo de la apertura.<\/p>\n<p>Fuentes del FpV se\u00f1alaron a DyN que Ferraresi, uno de los organizadores, mantuvo esta tarde una reuni\u00f3n con diputados camporistas en el Congreso para ultimar los detalles del encuentro, en el que el espacio referenciado en la ex presidenta Cristina Fern\u00e1ndez espera emitir una fuerte se\u00f1al en su b\u00fasqueda de representaci\u00f3n en la lista \u00fanica que prepara el PJ.<\/p>\n<p>En el plenario, al que est\u00e1n convocados \u00abtodos los sectores del FpV, tanto dentro como fuera del peronismo\u00bb, lo que incluye a movimientos sociales y partidos aliados, se debatir\u00e1n cuestiones como \u00abponer l\u00edmites a la unidad\u00bb del PJ y que \u00abla gobernabilidad no sea un eufemismo para acordar con los fondos buitre e ir en contra de los trabajadores\u00bb.<\/p>\n<p>En ese sentido, no se descarta que el FpV resuelva presentar una lista propia en la compulsa interna para competir contra Gioja, quien cuenta con el respaldo de una amplia porci\u00f3n del PJ y el Bloque Justicialista, que ocasion\u00f3 una fractura en la C\u00e1mara baja.<\/p>\n<p>El encuentro se realizar\u00e1 dos d\u00edas despu\u00e9s de que un grupo de intendentes del Conurbano con un perfil m\u00e1s dialoguista se reunieran con Gioja para brindarle su respaldo como \u00abcandidato de unidad\u00bb, por lo que el kirchnerismo espera llevar adelante su propio posicionamiento.<\/p>\n<p>Los organizadores consignaron que Scioli y Ferraresi estar\u00e1n a cargo de la apertura del c\u00f3nclave para luego dar paso a \u00ab5 comisiones tem\u00e1ticas con l\u00edneas de debate\u00bb, destinadas a \u00abproducir un documento\u00bb que se dar\u00e1 a conocer en el cierre, previsto para las 17.<\/p>\n<h6>Fuente: InfoCielo<\/h6>\n","protected":false},"excerpt":{"rendered":"<p>El kirchnerismo realizar\u00e1 hoy un plenario en Avellaneda en medio de la interna que atraviesa al PJ respecto del rol que debe adoptar frente al Gobierno, con el objetivo de dar una demostraci\u00f3n de fuerza de cara a las elecciones partidarias que se llevar\u00e1n a cabo el 8 de mayo. Distintos sectores del Frente para<\/p>\n","protected":false},"author":2,"featured_media":44779,"comment_status":"closed","ping_status":"closed","sticky":false,"template":"","format":"standard","meta":{"footnotes":""},"categories":[4],"tags":[12],"class_list":["post-44778","post","type-post","status-publish","format-standard","has-post-thumbnail","hentry","category-informe-politico","tag-buenos-aires"],"_links":{"self":[{"href":"http:\/\/argentinamunicipal.com.ar\/argentina\/wp-json\/wp\/v2\/posts\/44778","targetHints":{"allow":["GET"]}}],"collection":[{"href":"http:\/\/argentinamunicipal.com.ar\/argentina\/wp-json\/wp\/v2\/posts"}],"about":[{"href":"http:\/\/argentinamunicipal.com.ar\/argentina\/wp-json\/wp\/v2\/types\/post"}],"author":[{"embeddable":true,"href":"http:\/\/argentinamunicipal.com.ar\/argentina\/wp-json\/wp\/v2\/users\/2"}],"replies":[{"embeddable":true,"href":"http:\/\/argentinamunicipal.com.ar\/argentina\/wp-json\/wp\/v2\/comments?post=44778"}],"version-history":[{"count":0,"href":"http:\/\/argentinamunicipal.com.ar\/argentina\/wp-json\/wp\/v2\/posts\/44778\/revisions"}],"wp:featuredmedia":[{"embeddable":true,"href":"http:\/\/argentinamunicipal.com.ar\/argentina\/wp-json\/wp\/v2\/media\/44779"}],"wp:attachment":[{"href":"http:\/\/argentinamunicipal.com.ar\/argentina\/wp-json\/wp\/v2\/media?parent=44778"}],"wp:term":[{"taxonomy":"category","embeddable":true,"href":"http:\/\/argentinamunicipal.com.ar\/argentina\/wp-json\/wp\/v2\/categories?post=44778"},{"taxonomy":"post_tag","embeddable":true,"href":"http:\/\/argentinamunicipal.com.ar\/argentina\/wp-json\/wp\/v2\/tags?post=44778"}],"curies":[{"name":"wp","href":"https:\/\/api.w.org\/{rel}","templated":true}]}}