{"id":44787,"date":"2016-03-19T08:55:55","date_gmt":"2016-03-19T11:55:55","guid":{"rendered":"http:\/\/argentinamunicipal.com.ar\/argentina\/?p=44787"},"modified":"2016-03-19T08:55:55","modified_gmt":"2016-03-19T11:55:55","slug":"intendente-moron-declaro-la-emergencia-economica-luego-destino-100-mil-pesos-programa-tv","status":"publish","type":"post","link":"http:\/\/argentinamunicipal.com.ar\/argentina\/intendente-moron-declaro-la-emergencia-economica-luego-destino-100-mil-pesos-programa-tv\/","title":{"rendered":"El Intendente de Mor\u00f3n\u00a0declar\u00f3 la Emergencia Econ\u00f3mica y luego destin\u00f3 100 mil pesos a un programa de TV"},"content":{"rendered":"<p><a href=\"http:\/\/argentinamunicipal.com.ar\/argentina\/wp-content\/uploads\/2016\/03\/RamiroTagliaferro-04.jpg\"><img loading=\"lazy\" decoding=\"async\" class=\"aligncenter  wp-image-44788\" src=\"http:\/\/argentinamunicipal.com.ar\/argentina\/wp-content\/uploads\/2016\/03\/RamiroTagliaferro-04.jpg\" alt=\"RamiroTagliaferro (04)\" width=\"687\" height=\"304\" srcset=\"http:\/\/argentinamunicipal.com.ar\/argentina\/wp-content\/uploads\/2016\/03\/RamiroTagliaferro-04.jpg 1920w, http:\/\/argentinamunicipal.com.ar\/argentina\/wp-content\/uploads\/2016\/03\/RamiroTagliaferro-04-300x133.jpg 300w, http:\/\/argentinamunicipal.com.ar\/argentina\/wp-content\/uploads\/2016\/03\/RamiroTagliaferro-04-768x340.jpg 768w, http:\/\/argentinamunicipal.com.ar\/argentina\/wp-content\/uploads\/2016\/03\/RamiroTagliaferro-04-1024x453.jpg 1024w\" sizes=\"auto, (max-width: 687px) 100vw, 687px\" \/><\/a><br \/>\nAl menos as\u00ed lo denunciaron desde el Frente para la Victoria. Es que el intendente de Mor\u00f3n, Ramiro Tagliaferro, hab\u00eda impulsado la declaraci\u00f3n de la Emergencia Econ\u00f3mica en el distrito en enero pasado, y ahora lo acusan de haber gastado 100 mil pesos en un programa de televisi\u00f3n que se emiti\u00f3 desde esta ciudad.<\/p>\n<p>\u201cEn el marco de la Emergencia Econ\u00f3mica que declara el intendente Ramiro Tagliaferro, el Municipio de Mor\u00f3n destin\u00f3 m\u00e1s de 100.000 mil pesos y mont\u00f3 un tendido de cables en forma precaria en la Plaza San Mart\u00edn, espacio p\u00fablico de los vecinos y vecinas, para la realizaci\u00f3n en vivo del programa \u00b4Laten Argentinos\u00b4\u201d, expres\u00f3 el concejal del Frente para la Victoria Hern\u00e1n Sabatella.<\/p>\n<p>Es que, seg\u00fan inform\u00f3 el Diario de Mor\u00f3n, el domingo 6 de marzo, el programa de Telef\u00e9 conducido por Mariano I\u00fadica, sali\u00f3 en vivo desde la Plaza San Mart\u00edn de Mor\u00f3n. M\u00e1s de 20 mil personas presenciaron el show, adem\u00e1s del propio intendente, junto a sus hijos, ubicados en primera fila.<\/p>\n<p>\u201cEntre los gastos que el Municipio realiz\u00f3 podemos enumerar equipos decomunicaci\u00f3n y micr\u00f3fonos, gaseosas, agua mineral, te y caf\u00e9, entre otros\u201d, continu\u00f3 el edil.<\/p>\n<p>El representante del kirchnerismo agreg\u00f3: \u201cNos llama mucho la atenci\u00f3n y resulta contradictorio que gasten estos montos y contraten estos servicios para un programa de televisi\u00f3n, teniendo en cuenta que el intendente considera al Municipio de Mor\u00f3n en emergencia econ\u00f3mica, financiera y administrativa, y se otorg\u00f3 facultades extraordinarias para poder realizar compras y contrataciones de cualquier monto sin llamar a licitaci\u00f3n, para poder abordar esta emergencia\u201d.<\/p>\n<h6>Fuente: Infocielo<\/h6>\n","protected":false},"excerpt":{"rendered":"<p>Al menos as\u00ed lo denunciaron desde el Frente para la Victoria. Es que el intendente de Mor\u00f3n, Ramiro Tagliaferro, hab\u00eda impulsado la declaraci\u00f3n de la Emergencia Econ\u00f3mica en el distrito en enero pasado, y ahora lo acusan de haber gastado 100 mil pesos en un programa de televisi\u00f3n que se emiti\u00f3 desde esta ciudad. \u201cEn<\/p>\n","protected":false},"author":2,"featured_media":44788,"comment_status":"closed","ping_status":"closed","sticky":false,"template":"","format":"standard","meta":{"footnotes":""},"categories":[4],"tags":[12],"class_list":["post-44787","post","type-post","status-publish","format-standard","has-post-thumbnail","hentry","category-informe-politico","tag-buenos-aires"],"_links":{"self":[{"href":"http:\/\/argentinamunicipal.com.ar\/argentina\/wp-json\/wp\/v2\/posts\/44787","targetHints":{"allow":["GET"]}}],"collection":[{"href":"http:\/\/argentinamunicipal.com.ar\/argentina\/wp-json\/wp\/v2\/posts"}],"about":[{"href":"http:\/\/argentinamunicipal.com.ar\/argentina\/wp-json\/wp\/v2\/types\/post"}],"author":[{"embeddable":true,"href":"http:\/\/argentinamunicipal.com.ar\/argentina\/wp-json\/wp\/v2\/users\/2"}],"replies":[{"embeddable":true,"href":"http:\/\/argentinamunicipal.com.ar\/argentina\/wp-json\/wp\/v2\/comments?post=44787"}],"version-history":[{"count":0,"href":"http:\/\/argentinamunicipal.com.ar\/argentina\/wp-json\/wp\/v2\/posts\/44787\/revisions"}],"wp:featuredmedia":[{"embeddable":true,"href":"http:\/\/argentinamunicipal.com.ar\/argentina\/wp-json\/wp\/v2\/media\/44788"}],"wp:attachment":[{"href":"http:\/\/argentinamunicipal.com.ar\/argentina\/wp-json\/wp\/v2\/media?parent=44787"}],"wp:term":[{"taxonomy":"category","embeddable":true,"href":"http:\/\/argentinamunicipal.com.ar\/argentina\/wp-json\/wp\/v2\/categories?post=44787"},{"taxonomy":"post_tag","embeddable":true,"href":"http:\/\/argentinamunicipal.com.ar\/argentina\/wp-json\/wp\/v2\/tags?post=44787"}],"curies":[{"name":"wp","href":"https:\/\/api.w.org\/{rel}","templated":true}]}}