{"id":44806,"date":"2016-03-19T09:37:41","date_gmt":"2016-03-19T12:37:41","guid":{"rendered":"http:\/\/argentinamunicipal.com.ar\/argentina\/?p=44806"},"modified":"2016-03-19T09:37:41","modified_gmt":"2016-03-19T12:37:41","slug":"renuncio-la-cupula-la-operadora-atucha-no-participes-este-desguace","status":"publish","type":"post","link":"http:\/\/argentinamunicipal.com.ar\/argentina\/renuncio-la-cupula-la-operadora-atucha-no-participes-este-desguace\/","title":{"rendered":"Renunci\u00f3 la c\u00fapula de la operadora de Atucha: \u00abNo vamos a ser part\u00edcipes de este desguace\u00bb"},"content":{"rendered":"<p><a href=\"http:\/\/argentinamunicipal.com.ar\/argentina\/wp-content\/uploads\/2016\/03\/20160318113042_nasa2.png\"><img loading=\"lazy\" decoding=\"async\" class=\"aligncenter size-full wp-image-44807\" src=\"http:\/\/argentinamunicipal.com.ar\/argentina\/wp-content\/uploads\/2016\/03\/20160318113042_nasa2.png\" alt=\"20160318113042_nasa2\" width=\"620\" height=\"340\" srcset=\"http:\/\/argentinamunicipal.com.ar\/argentina\/wp-content\/uploads\/2016\/03\/20160318113042_nasa2.png 620w, http:\/\/argentinamunicipal.com.ar\/argentina\/wp-content\/uploads\/2016\/03\/20160318113042_nasa2-300x165.png 300w\" sizes=\"auto, (max-width: 620px) 100vw, 620px\" \/><\/a><br \/>\nUno de los directivos de NASA, que lleva doce a\u00f1os en el cargo, explic\u00f3 por qu\u00e9 decidieron dar un paso al costado. Dice que no est\u00e1n \u00aben la agenda\u00bb del Gobierno y asegur\u00f3 que parar este tipo de obras significar\u00e1 \u00abun retraso\u00bb para el pa\u00eds.<\/p>\n<p>Ante la falta de presupuesto y la paralizaci\u00f3n de las obras de la cuarta central nuclear en Atucha II, el directorio de la empresa operadora Nucleoel\u00e9ctrica Argentina SA (NASA) present\u00f3 su renuncia y avis\u00f3 que \u201cno ser\u00e1 parte de ese tipo de desguace\u201d.<\/p>\n<p>Se trata de toda la c\u00fapula de la empresa de participaci\u00f3n estatal integrada por Jos\u00e9 Luis Ant\u00fanez (presidente), Juan Sebasti\u00e1n Estrada (vice), y los directores Rub\u00e9n Quintana, Norma Luisa Boero y Sebasti\u00e1n Bonetto. \u201cHemos renunciado ayer, en principio porque siempre nuestra forma de trabajo fue en positivo, construimos la central nuclear Atucha II, y llegar a este nivel en el cual no estamos en agenda, con un presupuesto baj\u00edsimo, hace que todo lo programado para la cuarta y quinta central, no tenga un horizonte\u201d, explic\u00f3 Quintana en di\u00e1logo con INFOCIELO.<\/p>\n<p>El conflicto lleva varias semanas en las que el directorio intent\u00f3 ajustar los gastos al presupuesto actual de 4.800 millones de pesos, un tercio de lo pedido para este a\u00f1o, de alrededor de 15 mil millones. Pero el plan no dio sus resultados y las renuncias fueron puestas ayer sobre la mesa del ministro de Energ\u00eda, Juan Jos\u00e9 Aranguren. \u201cNosotros tenemos que decir que no nos quieren, no estamos en la agenda y tenemos que irnos, no vamos a ser part\u00edcipes de este tipo de desguace, o no\u201d, lanz\u00f3 Quintana.<\/p>\n<p>\u201cEmpezar a gestionar y manejar una crisis y despidos, es demasiado para nosotros. Pensamos todas las variantes para que no se haga esto, y no hay un sendero en este momento\u201d, sostuvo Quintana, uno de los directores m\u00e1s antiguos de NASA, nombrado por N\u00e9stor Kirchner en 2003. Los planes de la operadora para este a\u00f1o inclu\u00edan la continuaci\u00f3n de las obras para llevar adelante la cuarta central nuclear, para la cual \u201cya estaban todos los contratos comerciales firmados y faltaba nada m\u00e1s la parte financiera\u201d, explic\u00f3.<\/p>\n<p>El ahora exdirector de NASA asegur\u00f3 que esta decisi\u00f3n del Gobierno nacional significa \u201cparar obras de infraestructura que van a seguir en el sendero de la producci\u00f3n\u201d. \u201cLa energ\u00eda es importante si se quiere seguir con la industrializaci\u00f3n del pa\u00eds y esto significa un retraso. No hay que tener mucho conocimiento t\u00e9cnico para saber que si no se hacen obras de estas caracter\u00edsticas, el pa\u00eds tendr\u00e1 un retraso determinado y eso lo dir\u00e1 la historia\u201d, explic\u00f3 el profesional.<\/p>\n<h6>Fuente: Infocielo<\/h6>\n","protected":false},"excerpt":{"rendered":"<p>Uno de los directivos de NASA, que lleva doce a\u00f1os en el cargo, explic\u00f3 por qu\u00e9 decidieron dar un paso al costado. Dice que no est\u00e1n \u00aben la agenda\u00bb del Gobierno y asegur\u00f3 que parar este tipo de obras significar\u00e1 \u00abun retraso\u00bb para el pa\u00eds. Ante la falta de presupuesto y la paralizaci\u00f3n de las<\/p>\n","protected":false},"author":2,"featured_media":44807,"comment_status":"closed","ping_status":"closed","sticky":false,"template":"","format":"standard","meta":{"footnotes":""},"categories":[8],"tags":[21],"class_list":["post-44806","post","type-post","status-publish","format-standard","has-post-thumbnail","hentry","category-informe-nacional","tag-argentina"],"_links":{"self":[{"href":"http:\/\/argentinamunicipal.com.ar\/argentina\/wp-json\/wp\/v2\/posts\/44806","targetHints":{"allow":["GET"]}}],"collection":[{"href":"http:\/\/argentinamunicipal.com.ar\/argentina\/wp-json\/wp\/v2\/posts"}],"about":[{"href":"http:\/\/argentinamunicipal.com.ar\/argentina\/wp-json\/wp\/v2\/types\/post"}],"author":[{"embeddable":true,"href":"http:\/\/argentinamunicipal.com.ar\/argentina\/wp-json\/wp\/v2\/users\/2"}],"replies":[{"embeddable":true,"href":"http:\/\/argentinamunicipal.com.ar\/argentina\/wp-json\/wp\/v2\/comments?post=44806"}],"version-history":[{"count":0,"href":"http:\/\/argentinamunicipal.com.ar\/argentina\/wp-json\/wp\/v2\/posts\/44806\/revisions"}],"wp:featuredmedia":[{"embeddable":true,"href":"http:\/\/argentinamunicipal.com.ar\/argentina\/wp-json\/wp\/v2\/media\/44807"}],"wp:attachment":[{"href":"http:\/\/argentinamunicipal.com.ar\/argentina\/wp-json\/wp\/v2\/media?parent=44806"}],"wp:term":[{"taxonomy":"category","embeddable":true,"href":"http:\/\/argentinamunicipal.com.ar\/argentina\/wp-json\/wp\/v2\/categories?post=44806"},{"taxonomy":"post_tag","embeddable":true,"href":"http:\/\/argentinamunicipal.com.ar\/argentina\/wp-json\/wp\/v2\/tags?post=44806"}],"curies":[{"name":"wp","href":"https:\/\/api.w.org\/{rel}","templated":true}]}}