{"id":44831,"date":"2016-03-21T07:00:22","date_gmt":"2016-03-21T10:00:22","guid":{"rendered":"http:\/\/argentinamunicipal.com.ar\/argentina\/?p=44831"},"modified":"2016-03-21T07:26:02","modified_gmt":"2016-03-21T10:26:02","slug":"sastre-piden-intervenir-concejo","status":"publish","type":"post","link":"http:\/\/argentinamunicipal.com.ar\/argentina\/sastre-piden-intervenir-concejo\/","title":{"rendered":"En Sastre, piden intervenir el Concejo"},"content":{"rendered":"<p><a href=\"http:\/\/argentinamunicipal.com.ar\/argentina\/wp-content\/uploads\/2016\/03\/136157_otras-localidades.jpg\"><img loading=\"lazy\" decoding=\"async\" class=\"aligncenter size-full wp-image-44832\" src=\"http:\/\/argentinamunicipal.com.ar\/argentina\/wp-content\/uploads\/2016\/03\/136157_otras-localidades.jpg\" alt=\"136157_otras-localidades\" width=\"544\" height=\"293\" srcset=\"http:\/\/argentinamunicipal.com.ar\/argentina\/wp-content\/uploads\/2016\/03\/136157_otras-localidades.jpg 544w, http:\/\/argentinamunicipal.com.ar\/argentina\/wp-content\/uploads\/2016\/03\/136157_otras-localidades-300x162.jpg 300w\" sizes=\"auto, (max-width: 544px) 100vw, 544px\" \/><\/a><br \/>\nLa ciudad de Sastre y Ortiz, en el departamento San Mart\u00edn, protagoniza un esc\u00e1ndalo pol\u00edtico, que apunta a trascender el funcionamiento de sus instituciones y proyectarse a nivel provincial.<\/p>\n<p>La falta de acuerdo entre los integrantes del Concejo Municipal sobre qui\u00e9n debe presidir el cuerpo impidi\u00f3 que, hasta el momento, puedan asumir formalmente los miembros electos en las elecciones del a\u00f1o pasado, y que el \u00f3rgano se encuentre paralizado. La novedad de las \u00faltimas horas es que la intendenta Mar\u00eda del Carmen Amero de Brunazzo solicit\u00f3 al gobernador de la provincia, Miguel Lifschitz, la intervenci\u00f3n del Concejo, a los fines de su normalizaci\u00f3n.<\/p>\n<p>La presentaci\u00f3n fue formulada con el patrocinio del abogado Domingo Rondina, y en atenci\u00f3n a que a\u00fan no se ha iniciado el per\u00edodo de sesiones de la Legislatura. \u201cEs menester que env\u00ede un funcionario en car\u00e1cter de normalizador, quien deber\u00e1 disponer lo necesario para que se constituya el Honorable Concejo y se designe presidente\u201d, sostiene el escrito, al que tuvo acceso El Litoral.<\/p>\n<p>Ampar\u00e1ndose en el art\u00edculo 108 de la Constituci\u00f3n Provincial -que habilita la intervenci\u00f3n provincial parcial cuando no hay acefal\u00eda total sino que se necesita \u201cnormalizar una situaci\u00f3n institucional subvertida\u201d-, Amero de Brunazzo, primera mujer y primera radical que llega a la intendencia luego de 16 a\u00f1os de gobiernos justicialistas, relata los hechos que llevaron a la actual situaci\u00f3n.<\/p>\n<p>\u201cLa presidente saliente 2015 (Paola Lemos, PJ) no convoc\u00f3 en el tiempo legal para la elecci\u00f3n del futuro presidente. En fecha 02\/12\/2015 se intent\u00f3 una sesi\u00f3n preparatoria que presidi\u00f3 Oscar Cagliero (FPCyS), el de mayor edad entre los tres concejales en funciones (Cagliero, Reccia, Galliano). No se logr\u00f3 ni siquiera tomar juramento a los tres entrantes (Susana Bruno y Edgardo Figueroa -FPCyS- y Albino Moreno -FPV-) ya que el ingresante Moreno pretendi\u00f3 desconocer a Cagliero y presidir \u00e9l mismo, sin siquiera haber jurado. Se pas\u00f3 para cuarto intermedio al d\u00eda 4 y al d\u00eda 10, pero nunca se logr\u00f3 qu\u00f3rum para sesionar, ya que de los tres concejales con mandato, dos (Reccia y Galliano, del peronismo) pretenden dar la presidencia a Moreno, mientras que Cagliero la reclama para s\u00ed\u201d, sostiene la presentaci\u00f3n.<\/p>\n<p>Sin preparatoria<\/p>\n<p>La intendenta asumi\u00f3 el d\u00eda 10 y le fue tomado juramento por el concejal Cagliero, como presidente del Concejo. Sin embargo, la sesi\u00f3n preparatoria del Concejo todav\u00eda no se ha podido llevar a cabo.<\/p>\n<p>La cuesti\u00f3n pasa por saber qui\u00e9n preside la preparatoria, ya que la ley dispone que es el concejal de mayor edad. Cagliero es el de mayor edad en funciones. Moreno, el de mayor edad, si se analiza tambi\u00e9n a los que a\u00fan no asumieron. Esta disposici\u00f3n de presidencia por el decano es la que se aplica por analog\u00eda con la situaci\u00f3n de primera reuni\u00f3n, porque no hay tampoco presidente en ese caso.<\/p>\n<p>Brunazzo relata que la Secretar\u00eda de Regiones, Municipios y Comunas se expidi\u00f3 a favor de Cagliero, concejal en funciones de mayor edad. Y resalta en el dictamen que, como la primera misi\u00f3n de la preparatoria es tomar juramento y dar posesi\u00f3n a los nuevos, ello corresponde a los concejales ya en funciones, y quien a\u00fan no es concejal no puede ser presidente.<\/p>\n<p>Desde entonces, sucesivos intentos por convocar a la sesi\u00f3n preparatoria no obtuvieron qu\u00f3rum. La pr\u00f3xima convocatoria es para instancia ser\u00e1 el martes 19 de abril a las 19 horas; y se dio instrucciones a la Polic\u00eda para traer por la fuerza p\u00fablica a los dos concejales en funciones inasistentes. \u201cSemejante situaci\u00f3n me resulta preocupante, y por eso solicito la colaboraci\u00f3n provincial para restablecer el funcionamiento institucional subvertido\u201d, alega la intendenta.<\/p>\n<p>\u00bfTriple comando?<\/p>\n<p>En la fallida sesi\u00f3n del 10 de diciembre, la entonces presidenta del cuerpo, Paola Lemos (FpV), a\u00fan no hab\u00eda delegado su mandato; pero se puso en dudas si el mismo ya hab\u00eda concluido. El ingresante Moreno reclam\u00f3 el cargo, alegando que as\u00ed se hab\u00eda votado en la sesi\u00f3n preparatoria. La sesi\u00f3n pas\u00f3 a un cuarto intermedio por la imposibilidad de realizar la ceremonia de asunci\u00f3n.<\/p>\n<p>Ese mismo d\u00eda asumi\u00f3 la intendenta electa, Mar\u00eda del Carmen Amero (FPCyS), ante el edil Cagliero, quien fue proclamado al frente de la presidencia del Concejo por su bloque, por ser el edil de mayor edad en funciones. El 23 de diciembre, Moreno utiliz\u00f3 el mismo m\u00e9todo para jurar y tomar posesi\u00f3n del cargo de concejal: lo hizo ante escribano p\u00fablico y sus pares Reccia y Galliano.<\/p>\n<h6>Fuente: Sin Mordaza<\/h6>\n","protected":false},"excerpt":{"rendered":"<p>La ciudad de Sastre y Ortiz, en el departamento San Mart\u00edn, protagoniza un esc\u00e1ndalo pol\u00edtico, que apunta a trascender el funcionamiento de sus instituciones y proyectarse a nivel provincial. La falta de acuerdo entre los integrantes del Concejo Municipal sobre qui\u00e9n debe presidir el cuerpo impidi\u00f3 que, hasta el momento, puedan asumir formalmente los miembros<\/p>\n","protected":false},"author":2,"featured_media":44832,"comment_status":"closed","ping_status":"closed","sticky":false,"template":"","format":"standard","meta":{"footnotes":""},"categories":[4],"tags":[10],"class_list":["post-44831","post","type-post","status-publish","format-standard","has-post-thumbnail","hentry","category-informe-politico","tag-santa-fe"],"_links":{"self":[{"href":"http:\/\/argentinamunicipal.com.ar\/argentina\/wp-json\/wp\/v2\/posts\/44831","targetHints":{"allow":["GET"]}}],"collection":[{"href":"http:\/\/argentinamunicipal.com.ar\/argentina\/wp-json\/wp\/v2\/posts"}],"about":[{"href":"http:\/\/argentinamunicipal.com.ar\/argentina\/wp-json\/wp\/v2\/types\/post"}],"author":[{"embeddable":true,"href":"http:\/\/argentinamunicipal.com.ar\/argentina\/wp-json\/wp\/v2\/users\/2"}],"replies":[{"embeddable":true,"href":"http:\/\/argentinamunicipal.com.ar\/argentina\/wp-json\/wp\/v2\/comments?post=44831"}],"version-history":[{"count":0,"href":"http:\/\/argentinamunicipal.com.ar\/argentina\/wp-json\/wp\/v2\/posts\/44831\/revisions"}],"wp:featuredmedia":[{"embeddable":true,"href":"http:\/\/argentinamunicipal.com.ar\/argentina\/wp-json\/wp\/v2\/media\/44832"}],"wp:attachment":[{"href":"http:\/\/argentinamunicipal.com.ar\/argentina\/wp-json\/wp\/v2\/media?parent=44831"}],"wp:term":[{"taxonomy":"category","embeddable":true,"href":"http:\/\/argentinamunicipal.com.ar\/argentina\/wp-json\/wp\/v2\/categories?post=44831"},{"taxonomy":"post_tag","embeddable":true,"href":"http:\/\/argentinamunicipal.com.ar\/argentina\/wp-json\/wp\/v2\/tags?post=44831"}],"curies":[{"name":"wp","href":"https:\/\/api.w.org\/{rel}","templated":true}]}}