{"id":44865,"date":"2016-03-22T06:37:09","date_gmt":"2016-03-22T09:37:09","guid":{"rendered":"http:\/\/argentinamunicipal.com.ar\/argentina\/?p=44865"},"modified":"2016-03-22T08:38:38","modified_gmt":"2016-03-22T11:38:38","slug":"intendentes-radicales-postulan-mestre-quedarse-control-la-fam","status":"publish","type":"post","link":"http:\/\/argentinamunicipal.com.ar\/argentina\/intendentes-radicales-postulan-mestre-quedarse-control-la-fam\/","title":{"rendered":"Intendentes radicales postulan a Mestre para quedarse con el control de la FAM"},"content":{"rendered":"<p><a href=\"http:\/\/argentinamunicipal.com.ar\/argentina\/wp-content\/uploads\/2016\/03\/Ramon-Mestre-intendente-Cordoba_CLAIMA20140902_0256_27.jpg\"><img loading=\"lazy\" decoding=\"async\" class=\"aligncenter size-full wp-image-44911\" src=\"http:\/\/argentinamunicipal.com.ar\/argentina\/wp-content\/uploads\/2016\/03\/Ramon-Mestre-intendente-Cordoba_CLAIMA20140902_0256_27.jpg\" alt=\"Ramon-Mestre-intendente-Cordoba_CLAIMA20140902_0256_27\" width=\"600\" height=\"338\" srcset=\"http:\/\/argentinamunicipal.com.ar\/argentina\/wp-content\/uploads\/2016\/03\/Ramon-Mestre-intendente-Cordoba_CLAIMA20140902_0256_27.jpg 600w, http:\/\/argentinamunicipal.com.ar\/argentina\/wp-content\/uploads\/2016\/03\/Ramon-Mestre-intendente-Cordoba_CLAIMA20140902_0256_27-300x169.jpg 300w\" sizes=\"auto, (max-width: 600px) 100vw, 600px\" \/><\/a><\/p>\n<p>Mientras avanzan en un foro de intendentes de Cambiemos, proponen al jefe comunal de C\u00f3rdoba para ocupar el lugar de Julio Pereyra. La idea es quedarse con la Federaci\u00f3n de Municipios para apoyar al Gobierno nacional.<\/p>\n<p>Tal como hab\u00edan anticipado en la previa, un grupo de 30 intendentes radicales de la Provincia y representantes del PRO, avanzaron en la conformaci\u00f3n de un Foro de Cambiemos para apoyar a la Gobernadora y trazaron las primeras estrategias para quedarse con la Federaci\u00f3n Argentina de Municipios (FAM).<\/p>\n<p>\u201cSuena muy fuerte el nombre de Ram\u00f3n Mestre, el intendente de C\u00f3rdoba, vamos a tratar de consensuar una postura para tener una postura un\u00e1nime\u201d, confes\u00f3 Pablo Zubiaurre, intendente de Ayacucho en di\u00e1logo con QM Noticias. El encuentro se dio en San Cayetano, adonde asistieron unos 30 jefes comunales de la UCR y los referentes del PRO Jorge Macri y N\u00e9stor Grindetti.<\/p>\n<p>Seg\u00fan adelant\u00f3 Zubiaurre, la semana que viene podr\u00eda haber una reuni\u00f3n para que el Foro de intendentes de Cambiemos d\u00e9 el primer paso. \u201cHay una comunidad de intereses y acuerdo en las ideas fundamentales\u201d, asegur\u00f3 el intendente quien descart\u00f3 que se hayan hablado \u201ccuestiones electorales\u201d.<\/p>\n<h6>Fuente: InfoCielo<\/h6>\n","protected":false},"excerpt":{"rendered":"<p>Mientras avanzan en un foro de intendentes de Cambiemos, proponen al jefe comunal de C\u00f3rdoba para ocupar el lugar de Julio Pereyra. La idea es quedarse con la Federaci\u00f3n de Municipios para apoyar al Gobierno nacional. Tal como hab\u00edan anticipado en la previa, un grupo de 30 intendentes radicales de la Provincia y representantes del<\/p>\n","protected":false},"author":2,"featured_media":44911,"comment_status":"closed","ping_status":"closed","sticky":false,"template":"","format":"standard","meta":{"footnotes":""},"categories":[4],"tags":[12],"class_list":["post-44865","post","type-post","status-publish","format-standard","has-post-thumbnail","hentry","category-informe-politico","tag-buenos-aires"],"_links":{"self":[{"href":"http:\/\/argentinamunicipal.com.ar\/argentina\/wp-json\/wp\/v2\/posts\/44865","targetHints":{"allow":["GET"]}}],"collection":[{"href":"http:\/\/argentinamunicipal.com.ar\/argentina\/wp-json\/wp\/v2\/posts"}],"about":[{"href":"http:\/\/argentinamunicipal.com.ar\/argentina\/wp-json\/wp\/v2\/types\/post"}],"author":[{"embeddable":true,"href":"http:\/\/argentinamunicipal.com.ar\/argentina\/wp-json\/wp\/v2\/users\/2"}],"replies":[{"embeddable":true,"href":"http:\/\/argentinamunicipal.com.ar\/argentina\/wp-json\/wp\/v2\/comments?post=44865"}],"version-history":[{"count":0,"href":"http:\/\/argentinamunicipal.com.ar\/argentina\/wp-json\/wp\/v2\/posts\/44865\/revisions"}],"wp:featuredmedia":[{"embeddable":true,"href":"http:\/\/argentinamunicipal.com.ar\/argentina\/wp-json\/wp\/v2\/media\/44911"}],"wp:attachment":[{"href":"http:\/\/argentinamunicipal.com.ar\/argentina\/wp-json\/wp\/v2\/media?parent=44865"}],"wp:term":[{"taxonomy":"category","embeddable":true,"href":"http:\/\/argentinamunicipal.com.ar\/argentina\/wp-json\/wp\/v2\/categories?post=44865"},{"taxonomy":"post_tag","embeddable":true,"href":"http:\/\/argentinamunicipal.com.ar\/argentina\/wp-json\/wp\/v2\/tags?post=44865"}],"curies":[{"name":"wp","href":"https:\/\/api.w.org\/{rel}","templated":true}]}}