{"id":44870,"date":"2016-03-22T06:58:00","date_gmt":"2016-03-22T09:58:00","guid":{"rendered":"http:\/\/argentinamunicipal.com.ar\/argentina\/?p=44870"},"modified":"2016-03-22T06:58:00","modified_gmt":"2016-03-22T09:58:00","slug":"la-intendenta-rosario-anuncio-inversiones-116-millones-pesos-diez-barrios","status":"publish","type":"post","link":"http:\/\/argentinamunicipal.com.ar\/argentina\/la-intendenta-rosario-anuncio-inversiones-116-millones-pesos-diez-barrios\/","title":{"rendered":"La Intendenta de Rosario\u00a0anunci\u00f3 inversiones por 116 millones de pesos para diez barrios"},"content":{"rendered":"<p><a href=\"http:\/\/argentinamunicipal.com.ar\/argentina\/wp-content\/uploads\/2016\/03\/C801.jpg_88717827.jpg\"><img loading=\"lazy\" decoding=\"async\" class=\"aligncenter size-full wp-image-44871\" src=\"http:\/\/argentinamunicipal.com.ar\/argentina\/wp-content\/uploads\/2016\/03\/C801.jpg_88717827.jpg\" alt=\"C801.jpg_88717827\" width=\"621\" height=\"465\" srcset=\"http:\/\/argentinamunicipal.com.ar\/argentina\/wp-content\/uploads\/2016\/03\/C801.jpg_88717827.jpg 621w, http:\/\/argentinamunicipal.com.ar\/argentina\/wp-content\/uploads\/2016\/03\/C801.jpg_88717827-300x225.jpg 300w\" sizes=\"auto, (max-width: 621px) 100vw, 621px\" \/><\/a><br \/>\nEs en el marco del plan Abre. Las obras son de infraestructura, iluminaci\u00f3n e intervenciones en clubes y plazas. Ma\u00f1ana, en la Vecinal 7 de Septiembre, se abren los sobres con las ofertas.<\/p>\n<p>La intendenta M\u00f3nica Fein anunci\u00f3 que ma\u00f1ana realizar\u00e1 la apertura de sobres que contienen las ofertas para concretar las obras en m\u00e1s de una decena barrios de la ciudad, con una inversi\u00f3n total de m\u00e1s de 116 millones de pesos. El acto se realizar\u00e1 a las 11 en la vecinal del barrio 7 de Septiembre (Ayala Gauna 7951) y ser\u00e1 encabezado por la propia mandataria, junto a autoridades municipales y provinciales.<\/p>\n<p>Los trabajos, que se enmarcan en el Plan Abre, alcanzan a m\u00e1s de diez barrios de la ciudad y contemplan la ejecuci\u00f3n de nuevos pavimentos y mejoras de calzadas, desag\u00fces pluviales, obras cloacales, rectificaci\u00f3n y adecuaci\u00f3n de zanjas, y redes de agua. Tambi\u00e9n est\u00e1n contempladas pinturas de Fonavis, repotenciaci\u00f3n de luminarias y mejoras del alumbrado p\u00fablico; intervenciones y obras en clubes y en plazas.<\/p>\n<p>Las obras demandar\u00e1n 116.825.063 pesos de inversi\u00f3n y llegar\u00e1n a todos los distritos de la ciudad, abarcando a los barrios Supercemento, Stella Maris y La Bombacha; 7 de Septiembre; Grandoli y Guti\u00e9rrez; San Francisquito; Villa Banana; Barrio Industrial; Latinoam\u00e9rica; Rucci; T\u00edo Rolo y Puente Gallego; y El Eucariptal. Esta licitaci\u00f3n corresponde a la primera parte dentro de los 300 millones de pesos que se destinar\u00e1n en barrios de la ciudad, monto que duplica la inversi\u00f3n realizada en 2015, redoblando el compromiso con los vecinos.<\/p>\n<p>\u00abEste anuncio tiene que ver con nuestro gran compromiso con la obra p\u00fablica barrial, con todo aquello que iguale las condiciones de vida, que mejore la calidad y ponga en el centro de las acciones a cada vecino y vecina de la ciudad\u00bb, destac\u00f3 la titular del Ejecutivo, quien remarc\u00f3: \u00abQueremos estar cerca del vecino y trabajar por la convivencia, y en este sentido la obra p\u00fablica es una herramienta que permite integrar barrios, que posibilita construir lazos entre los mismos ciudadanos y entre el vecino y su barrio\u00bb.<\/p>\n<p>Fein asegur\u00f3 que \u00abesta no es una licitaci\u00f3n m\u00e1s, si pensamos en la reparaci\u00f3n que estamos realizando para cada una de estas familias\u00bb, y agreg\u00f3: \u00abNo estamos haciendo solamente obras de infraestrucutra, estamos profundizando la presencia del Estado, con la expectativa de que la gente empiece a pensar en lo colectivo y mejorar pautas de convivencia\u00bb.<\/p>\n<p>Fein mencion\u00f3 que la \u00abcercan\u00eda\u00bb es uno de los ejes de esta gesti\u00f3n y se\u00f1al\u00f3 que esta modalidad de trabajo nos permite estar m\u00e1s cerca de los vecinos y convertir en acciones sus necesidades. Adem\u00e1s hizo hincapi\u00e9 en la importancia del trabajo que desarrolla cotidianamente la vecinal del barrio 7 de Septiembre: \u00abEl objetivo es recuperar el orgullo rosarino, constituir una ciudadan\u00eda que conviva en armon\u00eda y trabajar juntos para construir una ciudad sustentable\u00bb, sintetiz\u00f3.<\/p>\n<p>Antecedentes. El Programa de Intervenciones Integrales en Barrios comenz\u00f3 a ejecutarse en 2014, dentro de los cuales se avanz\u00f3 en la recuperaci\u00f3n de los Fonavis de Grandoli, Sindicato de la Carne y Acindar, entre otros. Tambi\u00e9n se ejecutaron trabajos de infraestructura en los barrios Polledo, La Cer\u00e1mica, Nuevo Alberdi, Barrio Industrial, Stella Maris, Empalme, Ludue\u00f1a, Santa Luc\u00eda, La Palmera, Villa Poror\u00f3, y Barrio Toba, entre otros.<\/p>\n<p><strong>Vivir en barrio Industrial<\/strong><\/p>\n<p>N\u00e9stor forma parte de una de las primeras cuatro familias en llegar a barrio Industrial. Vive cerca de la actual colectora San Jer\u00f3nimo, recientemente pavimentada. \u201cVine con 12 a\u00f1os del Chaco con mi pap\u00e1, esto era una cancha de f\u00fatbol grande\u201d , record\u00f3 N\u00e9stor, y asegur\u00f3 que \u201cesto era impensable, hace poco esto era tierra, basura\u2026 hoy, sentarme en la vereda y ver a los pibes como juegan y corren, es un espect\u00e1culo. Hace un a\u00f1o la vida nos cambi\u00f3 a todos\u201d.<\/p>\n<h6>Fuente: La Capital, Rosario<\/h6>\n","protected":false},"excerpt":{"rendered":"<p>Es en el marco del plan Abre. Las obras son de infraestructura, iluminaci\u00f3n e intervenciones en clubes y plazas. Ma\u00f1ana, en la Vecinal 7 de Septiembre, se abren los sobres con las ofertas. La intendenta M\u00f3nica Fein anunci\u00f3 que ma\u00f1ana realizar\u00e1 la apertura de sobres que contienen las ofertas para concretar las obras en m\u00e1s<\/p>\n","protected":false},"author":2,"featured_media":44871,"comment_status":"closed","ping_status":"closed","sticky":false,"template":"","format":"standard","meta":{"footnotes":""},"categories":[2],"tags":[10],"class_list":["post-44870","post","type-post","status-publish","format-standard","has-post-thumbnail","hentry","category-informe-municipal","tag-santa-fe"],"_links":{"self":[{"href":"http:\/\/argentinamunicipal.com.ar\/argentina\/wp-json\/wp\/v2\/posts\/44870","targetHints":{"allow":["GET"]}}],"collection":[{"href":"http:\/\/argentinamunicipal.com.ar\/argentina\/wp-json\/wp\/v2\/posts"}],"about":[{"href":"http:\/\/argentinamunicipal.com.ar\/argentina\/wp-json\/wp\/v2\/types\/post"}],"author":[{"embeddable":true,"href":"http:\/\/argentinamunicipal.com.ar\/argentina\/wp-json\/wp\/v2\/users\/2"}],"replies":[{"embeddable":true,"href":"http:\/\/argentinamunicipal.com.ar\/argentina\/wp-json\/wp\/v2\/comments?post=44870"}],"version-history":[{"count":0,"href":"http:\/\/argentinamunicipal.com.ar\/argentina\/wp-json\/wp\/v2\/posts\/44870\/revisions"}],"wp:featuredmedia":[{"embeddable":true,"href":"http:\/\/argentinamunicipal.com.ar\/argentina\/wp-json\/wp\/v2\/media\/44871"}],"wp:attachment":[{"href":"http:\/\/argentinamunicipal.com.ar\/argentina\/wp-json\/wp\/v2\/media?parent=44870"}],"wp:term":[{"taxonomy":"category","embeddable":true,"href":"http:\/\/argentinamunicipal.com.ar\/argentina\/wp-json\/wp\/v2\/categories?post=44870"},{"taxonomy":"post_tag","embeddable":true,"href":"http:\/\/argentinamunicipal.com.ar\/argentina\/wp-json\/wp\/v2\/tags?post=44870"}],"curies":[{"name":"wp","href":"https:\/\/api.w.org\/{rel}","templated":true}]}}