{"id":44876,"date":"2016-03-22T07:24:19","date_gmt":"2016-03-22T10:24:19","guid":{"rendered":"http:\/\/argentinamunicipal.com.ar\/argentina\/?p=44876"},"modified":"2016-03-22T07:24:19","modified_gmt":"2016-03-22T10:24:19","slug":"parana-tendra-radio-editorial-canal-television-municipales","status":"publish","type":"post","link":"http:\/\/argentinamunicipal.com.ar\/argentina\/parana-tendra-radio-editorial-canal-television-municipales\/","title":{"rendered":"Paran\u00e1 tendr\u00e1 radio, editorial y canal de televisi\u00f3n municipales"},"content":{"rendered":"<p><a href=\"http:\/\/argentinamunicipal.com.ar\/argentina\/wp-content\/uploads\/2016\/03\/o_1458614584.jpg\"><img loading=\"lazy\" decoding=\"async\" class=\"aligncenter size-full wp-image-44877\" src=\"http:\/\/argentinamunicipal.com.ar\/argentina\/wp-content\/uploads\/2016\/03\/o_1458614584.jpg\" alt=\"o_1458614584\" width=\"640\" height=\"360\" srcset=\"http:\/\/argentinamunicipal.com.ar\/argentina\/wp-content\/uploads\/2016\/03\/o_1458614584.jpg 640w, http:\/\/argentinamunicipal.com.ar\/argentina\/wp-content\/uploads\/2016\/03\/o_1458614584-300x169.jpg 300w\" sizes=\"auto, (max-width: 640px) 100vw, 640px\" \/><\/a><br \/>\nEl desarrollo de emprendimientos comunicacionales del Estado municipal ser\u00e1 escalonado, con prioridad en la radio y la editorial. \u201cEs para la ciudad, no para un gobierno\u201d, aclar\u00f3 el intendente ante un grupo de trabajadores de prensa.<\/p>\n<p>El presidente municipal Sergio Varisco, acompa\u00f1ado del secretario de Comunicaci\u00f3n de la Municipalidad, Jos\u00e9 Escobar, present\u00f3 la idea de crear una radio, un canal y una editorial municipal frente a un grupo de periodistas en la sede del Sindicato Entrerriano de Trabajadores de Prensa y Comunicaci\u00f3n (Setpyc).<\/p>\n<p>\u201cA partir de la ley de medios (Ley de Servicios de Comunicaci\u00f3n Audiovisual 26.522), tenemos esta decisi\u00f3n pol\u00edtica que es una funci\u00f3n que nunca la va a cumplir el sector privado, porque la idea es darle una t\u00f3nica cultural, de difusi\u00f3n de la historia, de las tradiciones, de las cuestiones tur\u00edsticas, deportivas y de la ciudad\u201d, inform\u00f3 Varisco. \u201cNo vamos a caer en la tentaci\u00f3n de usar esto partidariamente, ni hacer un culto a la personalidad del intendente en un medio de comunicaci\u00f3n\u201d, prometi\u00f3. \u201cQuer\u00edamos presentarles la idea y pedirles que se involucren, es un proyecto que va a ser para la ciudad, no para un gobierno\u201d, sostuvo Jos\u00e9 Escobar.<\/p>\n<p>Idea. \u201cEs un espacio que creemos que necesita la ciudad. La consigna es que sea del Estado, no del gobierno. Nos parece que la ciudad debe tener un canal televisivo, una radio que la represente en los aspectos que nos unen a todos.<\/p>\n<p>Y tambi\u00e9n una editorial, en el sentido de que hay mucho por hacer en cuanto a autores nuevos y en cuanto a reediciones de viejas cosas que se est\u00e1n perdiendo por la inexistencia de archivos y lugares donde se recopilen autores entrerrianos y paranaenses\u201d, fundament\u00f3 Varisco, quien le pidi\u00f3 al sindicato que se incorpore en el armado y tambi\u00e9n sea fiscal, para evitar que estos medios se conviertan en oficialistas. \u201cSimplemente quer\u00edamos comunicarles esto, no a manera rimbombante ni con mucha estridencia. Hace un mes que estamos trabajando en esta idea, nos hemos comunicado con el ministerio correspondiente de la Naci\u00f3n para llevar adelante los permisos, que ya estaban solicitados por la gesti\u00f3n municipal anterior pero no hab\u00edan sido concretados\u201d, agreg\u00f3.<\/p>\n<p>\u201cEstamos convencidos de que es un espacio que el sector privado no lo va a cubrir por cuestiones comerciales y que el Estado tiene que suplir el vac\u00edo que tenemos en cuanto a la difusi\u00f3n de la ciudad en s\u00ed. No a la ciudad solo desde punto de vista f\u00edsico como puede ser para el turismo, sino con lo m\u00e1s importante que tenemos que son los paranaenses: humanos de carne y hueso que se plantan en nuestro suelo y que tiene iniciativas, que tiene proyecciones, que hacen cultura, periodismo, deporte\u201d, argument\u00f3 el presidente municipal.<\/p>\n<p>Estructura. Para poder concretar esta iniciativa se impulsar\u00e1 la creaci\u00f3n de una sociedad del estado que le d\u00e9 cabida a los tres medios. En los pr\u00f3ximos d\u00edas estar\u00e1 listo el anteproyecto de ordenanza, en el que est\u00e1 trabajando el periodista Jorge Riani. Este proyecto ser\u00e1 enviado para su tratamiento al Honorable Concejo Deliberante, pero adem\u00e1s habr\u00e1 audiencias p\u00fablicas con las universidades p\u00fablicas y privadas, as\u00ed como con organizaciones intermedias, vecinales, etc., con el objetivo de poder enriquecer y sumar voces, modificaciones y sugerencias. El espacio f\u00edsico en el que funcionar\u00edan estos emprendimientos ser\u00eda alguno de los inmuebles que la municipalidad est\u00e1 reacondicionando. \u201cPara m\u00ed es un halago este anuncio en el sindicato, saber que se puede abrir esta nueva oportunidad laboral para los trabajadores de prensa. Y tambi\u00e9n quiero decir que el hecho de que pase por el Concejo Deliberante tiene dos valores: es el estadio natural donde se debaten las cosas y se pueden enriquecer; pero tambi\u00e9n donde se le puede dar un marco para que efectivamente sean medios del Estado y no del gobierno, que esto quede en la letra. Para que quienes vengan despu\u00e9s no puedan pisotear este esp\u00edritu de pluralidad y medios democr\u00e1ticos\u201d, sostuvo Riani.<\/p>\n<p>\u201cDejamos un amplio margen para sumar entidades representativas: mientras m\u00e1s se sumen, m\u00e1s pluralista y democr\u00e1tico va a ser el proyecto presentado ante el Concejo Deliberante\u201d, apoy\u00f3 Escobar. En cuanto al presupuesto, el secretario de Comunicaci\u00f3n asegur\u00f3 que el equipamiento no es tan caro: \u201cEn principio, la editorial y la FM tienen un costo de 300 mil pesos aproximadamente, y lo vamos a hacer por etapa\u201d. Es decir, el canal de televisi\u00f3n quedar\u00eda para lo \u00faltimo. En cuanto a modelos previstos, durante la charla en el sindicato se hizo referencia al Canal Encuentro. \u201cA eso queremos apuntar, voluntad pol\u00edtica y estructura plural, con representatividad de las universidades y un directorio ad honorem de distintos organismos\u201d, indic\u00f3 Riani.<\/p>\n<p><strong>Voces<\/strong><br \/>\nSim\u00f3n Volcoff, titular de Setpyc, destac\u00f3 la iniciativa: \u201cEs muy importante que sean medios del Estado y no de un gobierno. Ese es el objetivo que ha planteado en esta visita el intendente. Respaldamos esa idea, porque en realidad ha sido una demanda de muchos a\u00f1os en todos los niveles, y obviamente por las caracter\u00edsticas que tendr\u00e1 esto no solamente como fuente laboral para los trabajadores de prensa sino tambi\u00e9n para valorizar la riqueza cultural de la ciudad. Se trata de medios p\u00fablicos, en los que estar\u00e1n expresados todos los sectores, con libertad de expresi\u00f3n\u201d. Jorge Riani aclar\u00f3: \u201cMe convocaron para aportar y acercar distintas voces que puedan sumar al proyecto. Al momento no m\u00e1s que eso, no tengo cargo ni nada, estoy en calidad de periodista, en principio ajeno a la estructura, despu\u00e9s no lo s\u00e9\u201d.<\/p>\n<p><strong>Un debate abierto<\/strong><br \/>\n\u201cLa despartidizaci\u00f3n y no utilizaci\u00f3n personal de un medio del Estado no significa que no haya debate. Se puede promover el debate sobre las cuestiones estrat\u00e9gicas de una ciudad, y el debate pol\u00edtico en t\u00e9rminos ideol\u00f3gicos. No tiene nada de malo hacerlo, al contrario, hay que elevar, darle m\u00e1s calidad al debate pol\u00edtico de las ideas e ideolog\u00edas, y no tiene que ser un medio aburrido, envasado, formalista para no ofender a nadie\u2026 puede haber debate, pero no entrar en el terreno del barro de una gesti\u00f3n u otra, o en una campa\u00f1a electoral. A nuestro pa\u00eds y a nuestra ciudad una de las cosas que creo que le falta es un debate en serio sobre las ideas, hacia d\u00f3nde tiene que marchar la ciudad.<\/p>\n<p>Eso debe darse y ah\u00ed hay que ser muy amplios en la libertad de acceder a pronunciarse en estos tres medios\u201d, expres\u00f3 Sergio Varisco en la presentaci\u00f3n de la iniciativa.<\/p>\n<p>\u201cLa idea no es competir con las radios y canales existentes en la cuesti\u00f3n diaria, pero eso no quiere decir que no se traten proyectos estrat\u00e9gicos de la ciudad, pol\u00edticas y recursos\u201d, a\u00f1adi\u00f3. El periodista Tirso Fiorotto pidi\u00f3 que se tengan en cuenta las expresiones culturales barriales, para que estos medios de la ciudad no se limiten a una representaci\u00f3n de la cultura burguesa o de clase media; y tambi\u00e9n record\u00f3 la iniciativa de Canal 9, \u201cuna experiencia en la que el Estado puso mucha plata y despu\u00e9s termin\u00f3 siendo un bot\u00edn de cada gobierno de turno\u201d. Varisco asegur\u00f3 que no se pretende hacer \u201cuna cuesti\u00f3n culturosa que nos satisfaga a nosotros que nos gusta leer, sino darle canal de expresi\u00f3n a todos los fen\u00f3menos sociales\u201d.<\/p>\n<h6>Fuente: El Diario Entre R\u00edos<\/h6>\n","protected":false},"excerpt":{"rendered":"<p>El desarrollo de emprendimientos comunicacionales del Estado municipal ser\u00e1 escalonado, con prioridad en la radio y la editorial. \u201cEs para la ciudad, no para un gobierno\u201d, aclar\u00f3 el intendente ante un grupo de trabajadores de prensa. El presidente municipal Sergio Varisco, acompa\u00f1ado del secretario de Comunicaci\u00f3n de la Municipalidad, Jos\u00e9 Escobar, present\u00f3 la idea de<\/p>\n","protected":false},"author":2,"featured_media":44877,"comment_status":"closed","ping_status":"closed","sticky":false,"template":"","format":"standard","meta":{"footnotes":""},"categories":[2],"tags":[17],"class_list":["post-44876","post","type-post","status-publish","format-standard","has-post-thumbnail","hentry","category-informe-municipal","tag-entre-rios"],"_links":{"self":[{"href":"http:\/\/argentinamunicipal.com.ar\/argentina\/wp-json\/wp\/v2\/posts\/44876","targetHints":{"allow":["GET"]}}],"collection":[{"href":"http:\/\/argentinamunicipal.com.ar\/argentina\/wp-json\/wp\/v2\/posts"}],"about":[{"href":"http:\/\/argentinamunicipal.com.ar\/argentina\/wp-json\/wp\/v2\/types\/post"}],"author":[{"embeddable":true,"href":"http:\/\/argentinamunicipal.com.ar\/argentina\/wp-json\/wp\/v2\/users\/2"}],"replies":[{"embeddable":true,"href":"http:\/\/argentinamunicipal.com.ar\/argentina\/wp-json\/wp\/v2\/comments?post=44876"}],"version-history":[{"count":0,"href":"http:\/\/argentinamunicipal.com.ar\/argentina\/wp-json\/wp\/v2\/posts\/44876\/revisions"}],"wp:featuredmedia":[{"embeddable":true,"href":"http:\/\/argentinamunicipal.com.ar\/argentina\/wp-json\/wp\/v2\/media\/44877"}],"wp:attachment":[{"href":"http:\/\/argentinamunicipal.com.ar\/argentina\/wp-json\/wp\/v2\/media?parent=44876"}],"wp:term":[{"taxonomy":"category","embeddable":true,"href":"http:\/\/argentinamunicipal.com.ar\/argentina\/wp-json\/wp\/v2\/categories?post=44876"},{"taxonomy":"post_tag","embeddable":true,"href":"http:\/\/argentinamunicipal.com.ar\/argentina\/wp-json\/wp\/v2\/tags?post=44876"}],"curies":[{"name":"wp","href":"https:\/\/api.w.org\/{rel}","templated":true}]}}