{"id":44903,"date":"2016-03-22T08:19:13","date_gmt":"2016-03-22T11:19:13","guid":{"rendered":"http:\/\/argentinamunicipal.com.ar\/argentina\/?p=44903"},"modified":"2016-03-29T08:29:02","modified_gmt":"2016-03-29T11:29:02","slug":"medio-marchas-piquetes-zarate-gobierno-reconocio-no-planes-atucha-iii-iv","status":"publish","type":"post","link":"http:\/\/argentinamunicipal.com.ar\/argentina\/medio-marchas-piquetes-zarate-gobierno-reconocio-no-planes-atucha-iii-iv\/","title":{"rendered":"En medio de marchas y piquetes en Z\u00e1rate, el Gobierno reconoci\u00f3 que no hay planes para Atucha III y IV"},"content":{"rendered":"<p><a href=\"http:\/\/argentinamunicipal.com.ar\/argentina\/wp-content\/uploads\/2016\/03\/7Lhaie_01.jpg\"><img loading=\"lazy\" decoding=\"async\" class=\"aligncenter  wp-image-44904\" src=\"http:\/\/argentinamunicipal.com.ar\/argentina\/wp-content\/uploads\/2016\/03\/7Lhaie_01.jpg\" alt=\"7Lhaie_01\" width=\"689\" height=\"459\" srcset=\"http:\/\/argentinamunicipal.com.ar\/argentina\/wp-content\/uploads\/2016\/03\/7Lhaie_01.jpg 720w, http:\/\/argentinamunicipal.com.ar\/argentina\/wp-content\/uploads\/2016\/03\/7Lhaie_01-300x200.jpg 300w\" sizes=\"auto, (max-width: 689px) 100vw, 689px\" \/><\/a><br \/>\nLo reconoci\u00f3 Juli\u00e1n Gadano, Subsecretario de Energ\u00eda de la Naci\u00f3n. \u201cPara la cuarta central no hay recursos en el presupuesto 2016\u201d afirm\u00f3, en tanto que puso en duda la continuidad de la primera de las centrales.<\/p>\n<p>El subsecretario de Energ\u00eda de la Naci\u00f3n, Juli\u00e1n Gadano, sum\u00f3 preocupaciones para los trabajadores del complejo nuclear de Z\u00e1rate, que hoy mismo realizan protestas por la ola de despidos, producto de la paralizaci\u00f3n de las obras de Atucha III.<\/p>\n<p>Las declaraciones del funcionario se producen en el medio de una fuerte incertidumbre en Z\u00e1rate y mientras cientos de trabajadores de UOCRA y de UECARA protestan por los despidos, que podr\u00edan superar los dos mil, cortando la ruta 14 y los accesos a la ciudad.<\/p>\n<p>Seg\u00fan publica el matutino P\u00e1gina 12, Gadano reconoci\u00f3 incertidumbre respecto de la continuidad de las obras, producto de la revisi\u00f3n de los contratos con China. S\u00ed asegur\u00f3 que \u201cpara la cuarta central no hay recursos en el presupuesto 2016\u201d y que ni siquiera est\u00e1 comprado el terreno donde se asentar\u00eda.<\/p>\n<p>Gadano dijo que \u201cprobablemente\u201d se consigan los fondos y se destrabe la burocracia para la compra de tierras, por lo cual \u201cjustific\u00f3\u201d la decisi\u00f3n de no renovar los contratos con las constructoras, las cuales dejar\u00e1n a cerca de 2000 personas en la calle.<\/p>\n<p>\u201cSon trabajadores que no tienen nada que hacer porque est\u00e1n contratados para hacer una central a la que le falta un a\u00f1o\u201d, dijo Gadano, que puso adem\u00e1s sobre la mesa la posibilidad de que Atucha I, la central inaugurada en 1974, sea desmantelada para convertirla en un centro de estudios del \u00e1rea.<\/p>\n<p>\u201cYo no tengo claro qu\u00e9 hay que hacer. No soy yo quien lo tiene que decidir. Ser\u00e1n organismos t\u00e9cnicos entre los cuales la CNEA tiene mucho que aportar y tambi\u00e9n la ARN que deber\u00e1 decir si es posible extender la vida de Atucha I producto de c\u00f3mo est\u00e9 la vasija\u201d, concluy\u00f3.<\/p>\n<h6>Fuente: InfoCielo<\/h6>\n","protected":false},"excerpt":{"rendered":"<p>Lo reconoci\u00f3 Juli\u00e1n Gadano, Subsecretario de Energ\u00eda de la Naci\u00f3n. \u201cPara la cuarta central no hay recursos en el presupuesto 2016\u201d afirm\u00f3, en tanto que puso en duda la continuidad de la primera de las centrales.<\/p>\n","protected":false},"author":2,"featured_media":44904,"comment_status":"closed","ping_status":"closed","sticky":false,"template":"","format":"standard","meta":{"footnotes":""},"categories":[4],"tags":[12],"class_list":["post-44903","post","type-post","status-publish","format-standard","has-post-thumbnail","hentry","category-informe-politico","tag-buenos-aires"],"_links":{"self":[{"href":"http:\/\/argentinamunicipal.com.ar\/argentina\/wp-json\/wp\/v2\/posts\/44903","targetHints":{"allow":["GET"]}}],"collection":[{"href":"http:\/\/argentinamunicipal.com.ar\/argentina\/wp-json\/wp\/v2\/posts"}],"about":[{"href":"http:\/\/argentinamunicipal.com.ar\/argentina\/wp-json\/wp\/v2\/types\/post"}],"author":[{"embeddable":true,"href":"http:\/\/argentinamunicipal.com.ar\/argentina\/wp-json\/wp\/v2\/users\/2"}],"replies":[{"embeddable":true,"href":"http:\/\/argentinamunicipal.com.ar\/argentina\/wp-json\/wp\/v2\/comments?post=44903"}],"version-history":[{"count":0,"href":"http:\/\/argentinamunicipal.com.ar\/argentina\/wp-json\/wp\/v2\/posts\/44903\/revisions"}],"wp:featuredmedia":[{"embeddable":true,"href":"http:\/\/argentinamunicipal.com.ar\/argentina\/wp-json\/wp\/v2\/media\/44904"}],"wp:attachment":[{"href":"http:\/\/argentinamunicipal.com.ar\/argentina\/wp-json\/wp\/v2\/media?parent=44903"}],"wp:term":[{"taxonomy":"category","embeddable":true,"href":"http:\/\/argentinamunicipal.com.ar\/argentina\/wp-json\/wp\/v2\/categories?post=44903"},{"taxonomy":"post_tag","embeddable":true,"href":"http:\/\/argentinamunicipal.com.ar\/argentina\/wp-json\/wp\/v2\/tags?post=44903"}],"curies":[{"name":"wp","href":"https:\/\/api.w.org\/{rel}","templated":true}]}}