{"id":44970,"date":"2016-03-23T08:42:58","date_gmt":"2016-03-23T11:42:58","guid":{"rendered":"http:\/\/argentinamunicipal.com.ar\/argentina\/?p=44970"},"modified":"2016-03-23T08:42:58","modified_gmt":"2016-03-23T11:42:58","slug":"denuncian-250-despidos-la-biblioteca-nacional","status":"publish","type":"post","link":"http:\/\/argentinamunicipal.com.ar\/argentina\/denuncian-250-despidos-la-biblioteca-nacional\/","title":{"rendered":"Denuncian 250 despidos en la Biblioteca Nacional"},"content":{"rendered":"<p><a href=\"http:\/\/argentinamunicipal.com.ar\/argentina\/wp-content\/uploads\/2016\/03\/01_310.jpg\"><img loading=\"lazy\" decoding=\"async\" class=\"aligncenter size-full wp-image-44971\" src=\"http:\/\/argentinamunicipal.com.ar\/argentina\/wp-content\/uploads\/2016\/03\/01_310.jpg\" alt=\"01_310\" width=\"660\" height=\"440\" srcset=\"http:\/\/argentinamunicipal.com.ar\/argentina\/wp-content\/uploads\/2016\/03\/01_310.jpg 660w, http:\/\/argentinamunicipal.com.ar\/argentina\/wp-content\/uploads\/2016\/03\/01_310-300x200.jpg 300w\" sizes=\"auto, (max-width: 660px) 100vw, 660px\" \/><\/a><br \/>\nDesde ATE aseguran que se trata de un cuarto de la planta total de empleados. Figuras de la cultura firmaron una solicitada.<\/p>\n<p>El delegado general de la Asociaci\u00f3n de Trabajadores del Estado de la Biblioteca Nacional, Diego Mart\u00ednez, confirm\u00f3 que durante la jornada de hoy 250 trabajadores comenzaron a ser notificados de la \u201cdesvinculaci\u00f3n\u201d de ese organismo, algo que ya hab\u00eda sido advertido por reconocidas figuras de la cultura local durante las \u00faltimas semanas.<\/p>\n<p>\u201cEstamos hablando del despido de 250 trabajadores, que representa un cuarto de la planta total de la Biblioteca Nacional\u201d, afirm\u00f3 a T\u00e9lam Mart\u00ednez sobre la situaci\u00f3n que por estas horas se vive en ese organismo.<\/p>\n<p>\u201cEntre los despedidos, hay muchos compa\u00f1eros que tienen 5, 8 y 10 a\u00f1os de antig\u00fcedad, por lo que la medida no se encuadra dentro del decreto 254\u201d indic\u00f3, en referencia al decreto publicado el 29 de diciembre \u00faltimo en el que el gobierno nacional orden\u00f3 al ministro de Modernizaci\u00f3n, Andr\u00e9s Ibarra, auditar los ingresos y ascensos de todo el personal p\u00fablico que haya ingresado al Estado del 2013 a esta parte.<\/p>\n<p>Algunos de los cesanteados confirmaron su despidos a trav\u00e9s de distintas redes sociales, tal es el caso del escritor y periodista Marcos Mayer, director de la revista Estado Cr\u00edtico publicada por la Biblioteca Nacional.<\/p>\n<p>\u00abHoy a la ma\u00f1ana temprano me lleg\u00f3 el telegrama de despido de la Biblioteca Nacional\u00bb, escribi\u00f3 en Facebook Mayer, y a\u00f1adi\u00f3 que con esta medida \u00abla revista Estado Cr\u00edtico que codirig\u00eda con Guillermo Saavedra fue, para decirlo en el vocabulario de ellos, discontinuada\u00bb.<\/p>\n<p>El futuro de la Biblioteca Nacional ya hab\u00eda resultado un tema de preocupaci\u00f3n entre algunos de los principales intelectuales y referentes de la cultura del pa\u00eds, quienes en las \u00faltimas semanas publicaron una carta p\u00fablica titulada \u201cPor la Biblioteca\u201d.<\/p>\n<p><strong>A la poblaci\u00f3n\u00a0<\/strong><\/p>\n<p>En la solicitada publicada en distintos medios y redes sociales, expresaron su \u00abpreocupaci\u00f3n por la situaci\u00f3n que atraviesa la Biblioteca Nacional Mariano Moreno de la Rep\u00fablica Argentina, en el contexto del despliegue de una pol\u00edtica de despidos masivos en el \u00e1rea de cultura del Estado\u00bb y le solicitaron al Ejecutivo \u00abel m\u00e1ximo cuidado y precauci\u00f3n en el tratamiento de una instituci\u00f3n que, en los \u00faltimos a\u00f1os, no s\u00f3lo se orient\u00f3 a preservar, acrecentar, registrar y difundir la memoria impresa de la Naci\u00f3n sino que a la vez fue un espacio de pluralismo y libertad de pensamiento\u00bb.<\/p>\n<p>La carta, que lleva entre otras las firmas de Beatriz Sarlo, Luisa Valenzuela, Ricardo Piglia, Eduardo Stup\u00eda, Andrea Giunta, N\u00e9stor Garc\u00eda Canclini, No\u00e9 Jitrik y Roberto Jacoby, valora de manera positiva las pol\u00edticas implementadas por el ex director Horacio Gonz\u00e1lez, que implic\u00f3 \u00abla modernizaci\u00f3n en el campo bibliotecol\u00f3gico con una diversificaci\u00f3n de su actividad cultural\u00bb y consideraron que esa situaci\u00f3n \u00abno debe juzgarse en t\u00e9rminos de ingresos y gastos, porque una instituci\u00f3n de esta \u00edndole requiere criterios valorativos espec\u00edficos, centrados en sus objetivos culturales, no derivados de un estrecho economicismo\u00bb.<\/p>\n<p>Finalmente, los intelectuales consideraron que \u00abuna instituci\u00f3n como la Biblioteca Nacional requiere de los mayores cuidados y prudencia, su continuidad y proyecci\u00f3n a futuro trascienden cualquier coyuntura pol\u00edtica y no pueden quedar supeditadas a objetivos sectoriales, ni de corto plazo\u00bb.<\/p>\n<p>Adem\u00e1s, plantearon que \u00abcomo sociedad tenemos la oportunidad de preservarla de revanchismos y perspectivas facciosas; y la necesidad de comprender que un atropello contra la Biblioteca significar\u00eda un agravio a toda la comunidad\u00bb.<\/p>\n<h6>Fuente: La Voz del Interior<\/h6>\n","protected":false},"excerpt":{"rendered":"<p>Desde ATE aseguran que se trata de un cuarto de la planta total de empleados. Figuras de la cultura firmaron una solicitada. El delegado general de la Asociaci\u00f3n de Trabajadores del Estado de la Biblioteca Nacional, Diego Mart\u00ednez, confirm\u00f3 que durante la jornada de hoy 250 trabajadores comenzaron a ser notificados de la \u201cdesvinculaci\u00f3n\u201d de<\/p>\n","protected":false},"author":2,"featured_media":44971,"comment_status":"closed","ping_status":"closed","sticky":false,"template":"","format":"standard","meta":{"footnotes":""},"categories":[4],"tags":[12],"class_list":["post-44970","post","type-post","status-publish","format-standard","has-post-thumbnail","hentry","category-informe-politico","tag-buenos-aires"],"_links":{"self":[{"href":"http:\/\/argentinamunicipal.com.ar\/argentina\/wp-json\/wp\/v2\/posts\/44970","targetHints":{"allow":["GET"]}}],"collection":[{"href":"http:\/\/argentinamunicipal.com.ar\/argentina\/wp-json\/wp\/v2\/posts"}],"about":[{"href":"http:\/\/argentinamunicipal.com.ar\/argentina\/wp-json\/wp\/v2\/types\/post"}],"author":[{"embeddable":true,"href":"http:\/\/argentinamunicipal.com.ar\/argentina\/wp-json\/wp\/v2\/users\/2"}],"replies":[{"embeddable":true,"href":"http:\/\/argentinamunicipal.com.ar\/argentina\/wp-json\/wp\/v2\/comments?post=44970"}],"version-history":[{"count":0,"href":"http:\/\/argentinamunicipal.com.ar\/argentina\/wp-json\/wp\/v2\/posts\/44970\/revisions"}],"wp:featuredmedia":[{"embeddable":true,"href":"http:\/\/argentinamunicipal.com.ar\/argentina\/wp-json\/wp\/v2\/media\/44971"}],"wp:attachment":[{"href":"http:\/\/argentinamunicipal.com.ar\/argentina\/wp-json\/wp\/v2\/media?parent=44970"}],"wp:term":[{"taxonomy":"category","embeddable":true,"href":"http:\/\/argentinamunicipal.com.ar\/argentina\/wp-json\/wp\/v2\/categories?post=44970"},{"taxonomy":"post_tag","embeddable":true,"href":"http:\/\/argentinamunicipal.com.ar\/argentina\/wp-json\/wp\/v2\/tags?post=44970"}],"curies":[{"name":"wp","href":"https:\/\/api.w.org\/{rel}","templated":true}]}}