{"id":44979,"date":"2016-03-28T06:59:29","date_gmt":"2016-03-28T09:59:29","guid":{"rendered":"http:\/\/argentinamunicipal.com.ar\/argentina\/?p=44979"},"modified":"2016-04-01T12:20:13","modified_gmt":"2016-04-01T15:20:13","slug":"crece-temor-cese-los-programas-sociales-cultura-mar-del-plata","status":"publish","type":"post","link":"http:\/\/argentinamunicipal.com.ar\/argentina\/crece-temor-cese-los-programas-sociales-cultura-mar-del-plata\/","title":{"rendered":"Crece el temor por el cese de los programas sociales de Cultura en Mar del Plata"},"content":{"rendered":"<h4>La Municipalidad a\u00fan no garantiz\u00f3 el reingreso de los capacitadores temporarios de los programas sociales de la Secretar\u00eda de Cultura, y la situaci\u00f3n se agrava frente a la inminente renuncia del secretario, Sebasti\u00e1n Puglisi.<\/h4>\n<p>Existe una gran incertidumbre sobre el futuro de los programas sociales \u201cUsinas Art\u00edsticas\u201d, \u201cAlmacenes Culturales\u201d, \u201cLiberArte\u201d y capacitadores en museos, que la Secretar\u00eda de Cultura realiza desde hace nueve a\u00f1os, en m\u00e1s de 60 barrios del Partido de General Pueyrredon y en las unidades penitenciarias de Bat\u00e1n.<\/p>\n<p>El municipio todav\u00eda no confirm\u00f3 la continuidad de decenas de capacitadores temporarios que son los que hacen posible una gran cobertura de barrios y asociaciones con sus propuestas art\u00edsticas, socioculturales y de salud, llegando mensualmente a 10.000 beneficiarios entre ni\u00f1os, adolescentes, adultos y adultos mayores de los barrios m\u00e1s vulnerables y de las unidades penitenciarias de la ciudad.<\/p>\n<p>Las tareas de los capacitadores cuyos contratos est\u00e1n en juego son las que permiten, a trav\u00e9s de m\u00e1s de 300 talleres, articular con el trabajo de educaci\u00f3n no formal y contenci\u00f3n social en 180 instituciones barriales entre las cuales se cuentan 40 sociedades de fomento, los centros de desarrollo infantil, los centros de integraci\u00f3n comunitaria, centros de atenci\u00f3n primaria de salud, sedes del Programa Envi\u00f3n, escuelas municipales y provinciales, escuelas especiales, hogares convivenciales, Casa de Abrigo, Residencia Municipal de Ancianos, Hogar de D\u00eda, Hogar de la Hermana Marta, Casa \u201cFraterna\u201d, centros de jubilados, museos municipales, bibliotecas p\u00fablicas y centros culturales populares y barriales, comedores y los polideportivos de los barrios Libertad, Colinas de Peralta Ramos y Las Heras.<\/p>\n<p>Los capacitadores son adem\u00e1s motor de espect\u00e1culos e intervenciones art\u00edsticas, como los ciclos \u201cDe Plaza en Plaza\u201d, \u201cArte barrial en Vivo\u201d y \u201cCuentos y Cuentacuentos\u201d, entre otros.<\/p>\n<p>Son 60 los capacitadores que no han sido recontratados, todos profesionales id\u00f3neos en las diversas \u00e1reas en las que se desempe\u00f1an, con amplia experiencia en sus tem\u00e1ticas y que en los programas mencionados desarrollan sus actividades desde hace m\u00ednimo un a\u00f1o y hasta m\u00e1s de cuatro y cinco a\u00f1os en otros casos.<\/p>\n<p>Sus tareas son adem\u00e1s de mucho compromiso con las complejas realidades de los barrios m\u00e1s vulnerables del Partido de General Pueyrredon.<\/p>\n<p>Hace tiempo que los capacitadores -que son contratados de abril a noviembre- vienen denunciando la precarizaci\u00f3n de sus condiciones laborales y la exigencia de un ingreso a planta permanente, pero su situaci\u00f3n actualmente se encuentra a\u00fan m\u00e1s agravada porque al d\u00eda de hoy no se han firmado sus reingresos; y se suma a esto el pronunciamiento p\u00fablico de la inminente renuncia Sebasti\u00e1n Puglisi al cargo de secretario de Cultura.<\/p>\n<p>Los trabajadores afectados llevar\u00e1n a cabo distintas acciones durante la semana, exigiendo respuestas al Ejecutivo.<\/p>\n<p>De no obtener resultados, convocan para el viernes 1 de abril (d\u00eda en que deber\u00edan iniciar sus tareas), a una intervenci\u00f3n frente a las puertas del Palacio Municipal, junto a alumnos de los talleres y representantes de las Sociedades de fomento e instituciones en las que realizan sus actividades; invitan tambi\u00e9n a la comunidad a acompa\u00f1ar el reclamo por las fuentes de trabajo y la integridad de los programas sociobarriales que sustentan.<\/p>\n<h6>Fuente: La Capital, Mar del Plata<\/h6>\n","protected":false},"excerpt":{"rendered":"<p>La Municipalidad a\u00fan no garantiz\u00f3 el reingreso de los capacitadores temporarios de los programas sociales de la Secretar\u00eda de Cultura, y la situaci\u00f3n se agrava frente a la inminente renuncia del secretario, Sebasti\u00e1n Puglisi.<\/p>\n","protected":false},"author":2,"featured_media":44980,"comment_status":"closed","ping_status":"closed","sticky":false,"template":"","format":"standard","meta":{"footnotes":""},"categories":[2],"tags":[12],"class_list":["post-44979","post","type-post","status-publish","format-standard","has-post-thumbnail","hentry","category-informe-municipal","tag-buenos-aires"],"_links":{"self":[{"href":"http:\/\/argentinamunicipal.com.ar\/argentina\/wp-json\/wp\/v2\/posts\/44979","targetHints":{"allow":["GET"]}}],"collection":[{"href":"http:\/\/argentinamunicipal.com.ar\/argentina\/wp-json\/wp\/v2\/posts"}],"about":[{"href":"http:\/\/argentinamunicipal.com.ar\/argentina\/wp-json\/wp\/v2\/types\/post"}],"author":[{"embeddable":true,"href":"http:\/\/argentinamunicipal.com.ar\/argentina\/wp-json\/wp\/v2\/users\/2"}],"replies":[{"embeddable":true,"href":"http:\/\/argentinamunicipal.com.ar\/argentina\/wp-json\/wp\/v2\/comments?post=44979"}],"version-history":[{"count":0,"href":"http:\/\/argentinamunicipal.com.ar\/argentina\/wp-json\/wp\/v2\/posts\/44979\/revisions"}],"wp:featuredmedia":[{"embeddable":true,"href":"http:\/\/argentinamunicipal.com.ar\/argentina\/wp-json\/wp\/v2\/media\/44980"}],"wp:attachment":[{"href":"http:\/\/argentinamunicipal.com.ar\/argentina\/wp-json\/wp\/v2\/media?parent=44979"}],"wp:term":[{"taxonomy":"category","embeddable":true,"href":"http:\/\/argentinamunicipal.com.ar\/argentina\/wp-json\/wp\/v2\/categories?post=44979"},{"taxonomy":"post_tag","embeddable":true,"href":"http:\/\/argentinamunicipal.com.ar\/argentina\/wp-json\/wp\/v2\/tags?post=44979"}],"curies":[{"name":"wp","href":"https:\/\/api.w.org\/{rel}","templated":true}]}}