{"id":44994,"date":"2016-03-28T07:31:28","date_gmt":"2016-03-28T10:31:28","guid":{"rendered":"http:\/\/argentinamunicipal.com.ar\/argentina\/?p=44994"},"modified":"2016-03-28T07:31:28","modified_gmt":"2016-03-28T10:31:28","slug":"santa-fe-jardin-municipal-las-flores-las-15-mejores-obras-arquitectura-del-pais","status":"publish","type":"post","link":"http:\/\/argentinamunicipal.com.ar\/argentina\/santa-fe-jardin-municipal-las-flores-las-15-mejores-obras-arquitectura-del-pais\/","title":{"rendered":"Santa Fe: El Jard\u00edn Municipal Las Flores, entre las 15 mejores obras de arquitectura del pa\u00eds"},"content":{"rendered":"<p><a href=\"http:\/\/argentinamunicipal.com.ar\/argentina\/wp-content\/uploads\/2016\/03\/Jardin-Las-Flores-4.jpg\"><img loading=\"lazy\" decoding=\"async\" class=\"aligncenter  wp-image-44995\" src=\"http:\/\/argentinamunicipal.com.ar\/argentina\/wp-content\/uploads\/2016\/03\/Jardin-Las-Flores-4.jpg\" alt=\"Jardin-Las-Flores-4\" width=\"658\" height=\"459\" srcset=\"http:\/\/argentinamunicipal.com.ar\/argentina\/wp-content\/uploads\/2016\/03\/Jardin-Las-Flores-4.jpg 789w, http:\/\/argentinamunicipal.com.ar\/argentina\/wp-content\/uploads\/2016\/03\/Jardin-Las-Flores-4-300x209.jpg 300w, http:\/\/argentinamunicipal.com.ar\/argentina\/wp-content\/uploads\/2016\/03\/Jardin-Las-Flores-4-768x535.jpg 768w\" sizes=\"auto, (max-width: 658px) 100vw, 658px\" \/><\/a><br \/>\nDise\u00f1ado y construido por el Gobierno de la Ciudad es, adem\u00e1s, una de las 194 obras de todo el mundo que fueron seleccionadas para participar de la X Bienal Iberoamericana de Arquitectura y Urbanismo (BIAU) de San Pablo.<\/p>\n<p>El Jard\u00edn Municipal de Las Flores, que ser\u00e1 inaugurado el 4 de abril por el intendente Jos\u00e9 Corral, es una de las 15 obras de arquitectura contempor\u00e1nea seleccionadas para representar a la Argentina en la d\u00e9cima edici\u00f3n de la Bienal Iberoamericana de Arquitectura y Urbanismo (X BIAU) que se celebrar\u00e1 en San Pablo, Brasil, del 4 y 8 de julio.<\/p>\n<p>El dato cobra a\u00fan mayor relevancia si tenemos en cuenta que hubo 1.111 proyectos presentados de todo el mundo de los cuales tan s\u00f3lo se seleccionaron 194. Estos ser\u00e1n evaluados el 1 y 2 de abril en Madrid, Espa\u00f1a, por el Jurado de Panorama de Obras, Publicaciones y Tesis Doctorales de la X BIAU, integrado por expertos de Espa\u00f1a, Portugal y pa\u00edses de Iberoam\u00e9rica, para elegir a los ganadores.<\/p>\n<p>Adem\u00e1s del Jard\u00edn Municipal Las Flores que, junto al Centro Cultural Viejo Mercado de Rafaela son las \u00fanicas obras de car\u00e1cter p\u00fablico seleccionadas para representar a la Argentina, calificaron para ser parte de la Bienal proyectos de edificios y casas destinadas a viviendas como as\u00ed tambi\u00e9n una capilla y una iglesia. Los trabajos presentados fueron construidos en entornos rurales, urbanos y en zonas residenciales, distribuidos en diferentes localidades de Buenos Aires, C\u00f3rdoba, Santa Fe y Neuqu\u00e9n. Cabe se\u00f1alar que la selecci\u00f3n en cada pa\u00eds fue realizada por un comit\u00e9 de expertos para garantizar la competencia y transparencia en el proceso.<\/p>\n<p><strong>El Jard\u00edn, en detalle<\/strong><\/p>\n<p>El edificio del Jard\u00edn Municipal Las Flores, que est\u00e1 ubicado en Regimiento 12 de Infanter\u00eda esquina Europa y que es el 14\u00ba que se crea en el marco del Sistema Municipal de Educaci\u00f3n Inicial, cuenta con seis aulas de trabajo que funcionar\u00e1n en dos turnos para ni\u00f1os de 1, 2 y 3 a\u00f1os con sus \u00e1reas de apoyo (cambiado de pa\u00f1ales, preparado de mamaderas, office y sanitarios), administraci\u00f3n, n\u00facleo sanitario, sal\u00f3n de usos m\u00faltiples, dep\u00f3sito y sala de m\u00e1quinas. Estos \u00e1mbitos estar\u00e1n distribuidos en una superficie cubierta de 547,05 m2 y una semicubierta de 285,89 m2.<\/p>\n<p>En ese sentido, se destinan unos 1.420 m2 para la plaza que estar\u00e1 delante del jard\u00edn y quedar\u00e1 integrada al hall de entrada del edificio, sobre calle Regimiento 12 de Infanter\u00eda. Tambi\u00e9n hay un acceso auxiliar sobre calle Europa.<\/p>\n<p>Los autores de este proyecto, que fue concebido en 2014, son arquitectos integrantes de la Secretar\u00eda de Planeamiento del Gobierno de la Ciudad, entre los que se destacan Eduardo Navarro, Marcelo Pascual\u00f3n, Mart\u00edn Gonz\u00e1lez, Luciana Vi\u00f1uela, Lucas Condal y Alfredo Jurado. Colaboraron tambi\u00e9n los profesionales de la construcci\u00f3n Andr\u00e9s Francesconi, Germ\u00e1n M\u00fcller, Javier Barducco, Carlos Di N\u00e1poli, Federico Cairoli, Felicita Cersofio, Julieta Zampedri, Erica Ley\u00f3n, Alina Ghisolfi, Anal\u00eda Mart\u00ednez y Agust\u00edn Balma.<\/p>\n<p><strong>Barranquitas, el precedente\u00a0<\/strong><\/p>\n<p>El Gobierno de la Ciudad cuenta con otro reconocimiento de la BIAU. En su edici\u00f3n 2014 el Jurado seleccion\u00f3 al Jard\u00edn Municipal de Barranquitas Sur como uno de los mejores proyectos del pa\u00eds. En aquella oportunidad, la Bienal se llev\u00f3 a cabo en Rosario y, en total, participaron 181 proyectos de todo el mundo. Este establecimiento educativo ha recibido numerosas distinciones y ha sido reconocido en distintas publicaciones por su arquitectura en la Argentina y otros pa\u00edses.<\/p>\n<p>Estos reconocimientos jerarquizan el Sistema Municipal de Educaci\u00f3n Inicial que se lleva adelante en la capital santafesina. Los Jardines Municipales se distinguen a nivel nacional y son una referencia de c\u00f3mo un gobierno local puede aportar a la inclusi\u00f3n social. Con la inauguraci\u00f3n del emplazado en Las Flores, ser\u00e1n 14 los edificios construidos para m\u00e1s de 2.000 ni\u00f1os de 1, 2 y 3 a\u00f1os. Vale destacar que contin\u00faan en obra los jardines de Alto Verde y Villa Oculta, y se est\u00e1 proyectando ampliar el Jard\u00edn de Facundo Zuvir\u00eda y hacer uno nuevo en Chalet.<\/p>\n<p><strong>BIAU<\/strong><\/p>\n<p>La Bienal Iberoamericana de Arquitectura y Urbanismo en una iniciativa del Ministerio de Fomento del Gobierno de Espa\u00f1a. Su objetivo central es promover el intercambio de experiencias entre arquitectos y urbanistas de los pa\u00edses de Iberoam\u00e9rica as\u00ed como el debate sobre los grandes problemas que inciden en la arquitectura y el urbanismo.<\/p>\n<h6>Fuente: Uno, Santa Fe<\/h6>\n","protected":false},"excerpt":{"rendered":"<p>Dise\u00f1ado y construido por el Gobierno de la Ciudad es, adem\u00e1s, una de las 194 obras de todo el mundo que fueron seleccionadas para participar de la X Bienal Iberoamericana de Arquitectura y Urbanismo (BIAU) de San Pablo. El Jard\u00edn Municipal de Las Flores, que ser\u00e1 inaugurado el 4 de abril por el intendente Jos\u00e9<\/p>\n","protected":false},"author":2,"featured_media":44995,"comment_status":"closed","ping_status":"closed","sticky":false,"template":"","format":"standard","meta":{"footnotes":""},"categories":[2],"tags":[10],"class_list":["post-44994","post","type-post","status-publish","format-standard","has-post-thumbnail","hentry","category-informe-municipal","tag-santa-fe"],"_links":{"self":[{"href":"http:\/\/argentinamunicipal.com.ar\/argentina\/wp-json\/wp\/v2\/posts\/44994","targetHints":{"allow":["GET"]}}],"collection":[{"href":"http:\/\/argentinamunicipal.com.ar\/argentina\/wp-json\/wp\/v2\/posts"}],"about":[{"href":"http:\/\/argentinamunicipal.com.ar\/argentina\/wp-json\/wp\/v2\/types\/post"}],"author":[{"embeddable":true,"href":"http:\/\/argentinamunicipal.com.ar\/argentina\/wp-json\/wp\/v2\/users\/2"}],"replies":[{"embeddable":true,"href":"http:\/\/argentinamunicipal.com.ar\/argentina\/wp-json\/wp\/v2\/comments?post=44994"}],"version-history":[{"count":0,"href":"http:\/\/argentinamunicipal.com.ar\/argentina\/wp-json\/wp\/v2\/posts\/44994\/revisions"}],"wp:featuredmedia":[{"embeddable":true,"href":"http:\/\/argentinamunicipal.com.ar\/argentina\/wp-json\/wp\/v2\/media\/44995"}],"wp:attachment":[{"href":"http:\/\/argentinamunicipal.com.ar\/argentina\/wp-json\/wp\/v2\/media?parent=44994"}],"wp:term":[{"taxonomy":"category","embeddable":true,"href":"http:\/\/argentinamunicipal.com.ar\/argentina\/wp-json\/wp\/v2\/categories?post=44994"},{"taxonomy":"post_tag","embeddable":true,"href":"http:\/\/argentinamunicipal.com.ar\/argentina\/wp-json\/wp\/v2\/tags?post=44994"}],"curies":[{"name":"wp","href":"https:\/\/api.w.org\/{rel}","templated":true}]}}