{"id":45039,"date":"2016-03-29T06:32:53","date_gmt":"2016-03-29T09:32:53","guid":{"rendered":"http:\/\/argentinamunicipal.com.ar\/argentina\/?p=45039"},"modified":"2016-03-29T06:32:53","modified_gmt":"2016-03-29T09:32:53","slug":"bloque-peronista-la-fam-se-abroquela-ante-la-embestida-cambiemos","status":"publish","type":"post","link":"http:\/\/argentinamunicipal.com.ar\/argentina\/bloque-peronista-la-fam-se-abroquela-ante-la-embestida-cambiemos\/","title":{"rendered":"El bloque peronista de la FAM se abroquela ante la embestida de Cambiemos"},"content":{"rendered":"<p><a href=\"http:\/\/argentinamunicipal.com.ar\/argentina\/wp-content\/uploads\/2016\/03\/20160328161717_fam.jpg\"><img loading=\"lazy\" decoding=\"async\" class=\"aligncenter size-full wp-image-45040\" src=\"http:\/\/argentinamunicipal.com.ar\/argentina\/wp-content\/uploads\/2016\/03\/20160328161717_fam.jpg\" alt=\"20160328161717_fam\" width=\"620\" height=\"340\" srcset=\"http:\/\/argentinamunicipal.com.ar\/argentina\/wp-content\/uploads\/2016\/03\/20160328161717_fam.jpg 620w, http:\/\/argentinamunicipal.com.ar\/argentina\/wp-content\/uploads\/2016\/03\/20160328161717_fam-300x165.jpg 300w\" sizes=\"auto, (max-width: 620px) 100vw, 620px\" \/><\/a><br \/>\nUna veintena de intendentes peronistas se reunir\u00e1n ma\u00f1ana en Bol\u00edvar con la idea de aunar criterios para enfrentar lo que ellos entienden son las \u201cpol\u00edticas antipopulares\u201d de Cambiemos. Adem\u00e1s, el objetivo pol\u00edtico ser\u00e1 juntar a todas las facciones del espacio para plantarse de cara a la embestida radical al interior de la Federaci\u00f3n Argentina de Municipios.<\/p>\n<p>En respuesta al descontento con el Gobierno de Mar\u00eda Eugenia Vidal, cerca de 20 intendentes peronistas se reunir\u00e1n ma\u00f1ana en Bol\u00edvar con la idea de plantear problem\u00e1ticas conjuntas, a la vez que esperar\u00e1n reforzar \u201cel di\u00e1logo\u201d con la gesti\u00f3n provincial para \u201csolucionar los problemas de la provincia\u201d. Aunque tambi\u00e9n, la lectura pol\u00edtica de la juntada girar\u00e1 en torno al contrapeso que pretenden dar ante el avance de los jefes comunales del radicalismo.<\/p>\n<p>Es que el partido centenario dentro de la alianza Cambiemos comenz\u00f3 a dar algunos mensajes en las \u00faltimas semanas para ir detr\u00e1s de la Presidencia de la Federaci\u00f3n Argentina de Municipios, instituci\u00f3n hoy a cargo del justicialista Julio Pereyra.<\/p>\n<p>De hecho, el foro nacional de intendentes de la Uni\u00f3n C\u00edvica Radical se congregar\u00e1n el pr\u00f3ximo 5 de abril, en R\u00edo Ceballos, C\u00f3rdoba, con esta idea: hacer una demostraci\u00f3n de fuerza en todo el territorio e ir detr\u00e1s de la conducci\u00f3n de la FAM. Seg\u00fan trascendi\u00f3, el hombre que propondr\u00edan es alcalde de C\u00f3rdoba, Ram\u00f3n Javier Mestre.<\/p>\n<p>Por su parte, los jefes comunales peronistas ya se anticiparon a la jugada hace varios meses. Primero en la capital de Chaco, despu\u00e9s en la ciudad de Formsa. El objetivo, entre l\u00edneas, fue el mismo: denifir una estrategia de blindaje y alentar su propio candidato para la FAM que todo pareciera indicar que recaer\u00e1 sobre el entrerriano Enrique Cresto.<\/p>\n<p>La apuesta en Bol\u00edvar ser\u00e1 a\u00fan m\u00e1s grande. Seg\u00fan pudo saber este medio la iniciativa propondr\u00e1 reunir a todas las facciones del peronismo. Los integrantes de la Agrupaci\u00f3n Los Oktubres, entre los que se encuentran los kirchneristas Patricio Mussi y Patricio Dura\u00f1ona, y tambi\u00e9n a los integrantes del Grupo Padua, como Mart\u00edn Insaurralde y Gustavo Men\u00e9ndez, entre otros.<\/p>\n<h6>Fuente: Infocielo<\/h6>\n","protected":false},"excerpt":{"rendered":"<p>Una veintena de intendentes peronistas se reunir\u00e1n ma\u00f1ana en Bol\u00edvar con la idea de aunar criterios para enfrentar lo que ellos entienden son las \u201cpol\u00edticas antipopulares\u201d de Cambiemos. Adem\u00e1s, el objetivo pol\u00edtico ser\u00e1 juntar a todas las facciones del espacio para plantarse de cara a la embestida radical al interior de la Federaci\u00f3n Argentina de<\/p>\n","protected":false},"author":2,"featured_media":45040,"comment_status":"closed","ping_status":"closed","sticky":false,"template":"","format":"standard","meta":{"footnotes":""},"categories":[4],"tags":[12],"class_list":["post-45039","post","type-post","status-publish","format-standard","has-post-thumbnail","hentry","category-informe-politico","tag-buenos-aires"],"_links":{"self":[{"href":"http:\/\/argentinamunicipal.com.ar\/argentina\/wp-json\/wp\/v2\/posts\/45039","targetHints":{"allow":["GET"]}}],"collection":[{"href":"http:\/\/argentinamunicipal.com.ar\/argentina\/wp-json\/wp\/v2\/posts"}],"about":[{"href":"http:\/\/argentinamunicipal.com.ar\/argentina\/wp-json\/wp\/v2\/types\/post"}],"author":[{"embeddable":true,"href":"http:\/\/argentinamunicipal.com.ar\/argentina\/wp-json\/wp\/v2\/users\/2"}],"replies":[{"embeddable":true,"href":"http:\/\/argentinamunicipal.com.ar\/argentina\/wp-json\/wp\/v2\/comments?post=45039"}],"version-history":[{"count":0,"href":"http:\/\/argentinamunicipal.com.ar\/argentina\/wp-json\/wp\/v2\/posts\/45039\/revisions"}],"wp:featuredmedia":[{"embeddable":true,"href":"http:\/\/argentinamunicipal.com.ar\/argentina\/wp-json\/wp\/v2\/media\/45040"}],"wp:attachment":[{"href":"http:\/\/argentinamunicipal.com.ar\/argentina\/wp-json\/wp\/v2\/media?parent=45039"}],"wp:term":[{"taxonomy":"category","embeddable":true,"href":"http:\/\/argentinamunicipal.com.ar\/argentina\/wp-json\/wp\/v2\/categories?post=45039"},{"taxonomy":"post_tag","embeddable":true,"href":"http:\/\/argentinamunicipal.com.ar\/argentina\/wp-json\/wp\/v2\/tags?post=45039"}],"curies":[{"name":"wp","href":"https:\/\/api.w.org\/{rel}","templated":true}]}}