{"id":45073,"date":"2016-03-29T07:53:30","date_gmt":"2016-03-29T10:53:30","guid":{"rendered":"http:\/\/argentinamunicipal.com.ar\/argentina\/?p=45073"},"modified":"2016-03-29T07:53:30","modified_gmt":"2016-03-29T10:53:30","slug":"ante-intendentes-gobernador-rios-aseguro-gestionara-mas-obras-infraestructura","status":"publish","type":"post","link":"http:\/\/argentinamunicipal.com.ar\/argentina\/ante-intendentes-gobernador-rios-aseguro-gestionara-mas-obras-infraestructura\/","title":{"rendered":"Ante intendentes, el gobernador de Entre R\u00edos\u00a0asegur\u00f3 que gestionar\u00e1 m\u00e1s obras de infraestructura"},"content":{"rendered":"<p><a href=\"http:\/\/argentinamunicipal.com.ar\/argentina\/wp-content\/uploads\/2016\/03\/o_1459222649.jpg\"><img loading=\"lazy\" decoding=\"async\" class=\"aligncenter size-full wp-image-45075\" src=\"http:\/\/argentinamunicipal.com.ar\/argentina\/wp-content\/uploads\/2016\/03\/o_1459222649.jpg\" alt=\"o_1459222649\" width=\"640\" height=\"360\" srcset=\"http:\/\/argentinamunicipal.com.ar\/argentina\/wp-content\/uploads\/2016\/03\/o_1459222649.jpg 640w, http:\/\/argentinamunicipal.com.ar\/argentina\/wp-content\/uploads\/2016\/03\/o_1459222649-300x169.jpg 300w\" sizes=\"auto, (max-width: 640px) 100vw, 640px\" \/><\/a><br \/>\n\u201cVengo a forjar con el intendente y el pueblo de Bovril el mismo compromiso que asumo con cada jefe comunal en Entre R\u00edos: trabajar en conjunto para que lo que la comunidad determine qu\u00e9 es prioritario, nosotros realizarlo, disponiendo de los recursos propios o gestionando ante el gobierno nacional para realizar las obras de infraestructura que hagan falta\u201d, expres\u00f3 ayer el titular del Ejecutivo provincial al acompa\u00f1ar a Alfredo Bl\u00f6chinger del acto por el 103 aniversario de esta localidad del departamento La Paz.<\/p>\n<p>Gustavo Bordet particip\u00f3 este lunes del acto por el aniversario n\u00famero 103 de la ciudad de Bovril. All\u00ed, el gobernador renov\u00f3 su compromiso para seguir gestionando obras de infraestructura para los municipios. \u201cTambi\u00e9n vamos a acompa\u00f1ar a nuestros productores para que haya m\u00e1s desarrollo, m\u00e1s progreso y m\u00e1s trabajo\u201d, dijo el mandatario en la plazoleta del Centenario de Bovril. \u201cNuestra obligaci\u00f3n es que en estos a\u00f1os que vienen la ciudad pueda seguir creciendo, tener el impulso, el desarrollo, fuentes de trabajo, pueda seguir teniendo los procesos de inclusi\u00f3n social para que las familias puedan desarrollarse aqu\u00ed, en esta tierra, para que los chicos no se tengan que ir de Bovril y encuentre aqu\u00ed la posibilidad de poder conformar sus familias\u201d, consign\u00f3, seg\u00fan precisa la comunicaci\u00f3n oficial.<br \/>\nBordet record\u00f3 que el a\u00f1o pasado \u201cha terminado un proceso electoral y nosotros entendemos cu\u00e1l fue mensaje que la gente dej\u00f3 a trav\u00e9s del voto y tiene que ver con trabajar todos en conjunto, con deponer cualquier tipo de actitud ego\u00edsta, con tener los lazos de colaboraci\u00f3n y solidaridad para que puedan realizarse las obras en beneficio del pueblo. Ese es el mensaje que interpretamos y es el que vamos a cumplir\u201d.<\/p>\n<p>\u201cS\u00e9 lo que significa la voluntad de la comunidad para el progreso, s\u00e9 del orgullo que cada vecino siente de estar identificado con la tierra que lo vio nacer, por eso hoy estamos ac\u00e1 para comprometernos con obras que faltan como por ejemplo el poder tener las nuevas lagunas de efluentes cloacales. Esto es mejor calidad de vida y saneamiento ambiental\u201d, como as\u00ed tambi\u00e9n el parque industrial de Bovril porque \u201cno hay futuro en la comunidad si no hay industrias, empresas, trabajo\u201d.<\/p>\n<p>Adem\u00e1s, el mandatario inform\u00f3 que se climatizar\u00e1 el natatorio para la escuela de equinoterapia \u201cpara que tengan la posibilidad de acceder a un derecho que es inalienable para nuestros ni\u00f1os\u201d.<\/p>\n<p>\u201cVamos a disponer de todo el sacrificio, el esfuerzo y la voluntad para lograrlo\u201d, subray\u00f3 el gobernador.<\/p>\n<p>Compromiso. Al hablar, el intendente local asegur\u00f3 que \u201ccon la presencia del gobernador hoy en nuestro pueblo, con sus funcionarios, habla a las claras del compromiso real que tiene el gobierno provincial de acompa\u00f1arnos en las gestiones para que nuestro pueblo crezca. Quiero decirles que esto me da fuerza para seguir trabajando incansablemente para que dentro de un par de a\u00f1os, cuando cumplamos los 105 a\u00f1os, vamos a venir con obras realizadas y concretas gracias al esfuerzo que vamos hacer conjuntamente el gobierno municipal, provincial y nacional\u201d. Bl\u00f6chinger asegur\u00f3 que \u201cacabamos de tener una reuni\u00f3n con el gobernador la cual nos sigue llenando de esperanza de que Bovril se transformar\u00e1 verdaderamente en un pueblo grande, una ciudad grande, organizada, una ciudad con amplias posibilidades para desarrollarse econ\u00f3micamente, industrialmente y educativamente. Tenemos todas las condiciones dadas\u201d.<\/p>\n<p>En el municipio, Bordet se reuni\u00f3 con el intendente; los ministros de Planeamiento, Infraestructura y Servicios, Luis Benedetto y de Gobierno, Mauro Urribarri; el senador Aldo Ballestena y los empresarios Sergio y Gabriel G\u00f6tte; Rom\u00e1n Schanton de Picapalos y Marcelo Lanzi de la empresa de cable Video Bovril, quien es presidente del Club Deportivo Bovril. Del encuentro tambi\u00e9n participaron el secretario de Gobierno, V\u00edctor Fabi\u00e1n Valenzuela; la vice intendenta, Gabriela Lezcano. Luego de la ceremonia oficial, se realiz\u00f3 un espect\u00e1culo oficiado por el elenco joven de la provincia y actuaci\u00f3n de grupos musicales locales. Tambi\u00e9n se entregaron los premios de un concurso fotogr\u00e1fico, seg\u00fan se inform\u00f3 desde el Gobierno.<\/p>\n<p><strong>Historia<\/strong><br \/>\nBovril, su nombre y fundaci\u00f3n se debe a una empresa brit\u00e1nica desaparecida en la actualidad: \u201cBovril Limited\u201d: Bovril Limitada, conocida en nuestro pa\u00eds tambi\u00e9n como \u201cSociedad Argentina Bovril\u201d, o \u201cCompa\u00f1\u00eda Bovril\u201d, que entre fines del siglo bovril ilustrativa. XIX y comienzos del siglo XX, edific\u00f3 un imperio econ\u00f3mico de car\u00e1cter mundial dentro de la industria de la carne vacuna y sus derivados. Fue esta compa\u00f1\u00eda la autora del trazado fundacional de lo que hoy es esta localidad. En Entre R\u00edos, la compa\u00f1\u00eda ten\u00eda hacia 1926 un total de 131.917 hect\u00e1reas. Sus productos enlatados y el famoso extracto de carne \u201cBovril\u201d eran envasados en Argentina y enviados directamente a Inglaterra para su consumo.<\/p>\n<h6>Fuente: El Diario, Entre R\u00edos<\/h6>\n","protected":false},"excerpt":{"rendered":"<p>\u201cVengo a forjar con el intendente y el pueblo de Bovril el mismo compromiso que asumo con cada jefe comunal en Entre R\u00edos: trabajar en conjunto para que lo que la comunidad determine qu\u00e9 es prioritario, nosotros realizarlo, disponiendo de los recursos propios o gestionando ante el gobierno nacional para realizar las obras de infraestructura<\/p>\n","protected":false},"author":2,"featured_media":45075,"comment_status":"closed","ping_status":"closed","sticky":false,"template":"","format":"standard","meta":{"footnotes":""},"categories":[2],"tags":[17],"class_list":["post-45073","post","type-post","status-publish","format-standard","has-post-thumbnail","hentry","category-informe-municipal","tag-entre-rios"],"_links":{"self":[{"href":"http:\/\/argentinamunicipal.com.ar\/argentina\/wp-json\/wp\/v2\/posts\/45073","targetHints":{"allow":["GET"]}}],"collection":[{"href":"http:\/\/argentinamunicipal.com.ar\/argentina\/wp-json\/wp\/v2\/posts"}],"about":[{"href":"http:\/\/argentinamunicipal.com.ar\/argentina\/wp-json\/wp\/v2\/types\/post"}],"author":[{"embeddable":true,"href":"http:\/\/argentinamunicipal.com.ar\/argentina\/wp-json\/wp\/v2\/users\/2"}],"replies":[{"embeddable":true,"href":"http:\/\/argentinamunicipal.com.ar\/argentina\/wp-json\/wp\/v2\/comments?post=45073"}],"version-history":[{"count":0,"href":"http:\/\/argentinamunicipal.com.ar\/argentina\/wp-json\/wp\/v2\/posts\/45073\/revisions"}],"wp:featuredmedia":[{"embeddable":true,"href":"http:\/\/argentinamunicipal.com.ar\/argentina\/wp-json\/wp\/v2\/media\/45075"}],"wp:attachment":[{"href":"http:\/\/argentinamunicipal.com.ar\/argentina\/wp-json\/wp\/v2\/media?parent=45073"}],"wp:term":[{"taxonomy":"category","embeddable":true,"href":"http:\/\/argentinamunicipal.com.ar\/argentina\/wp-json\/wp\/v2\/categories?post=45073"},{"taxonomy":"post_tag","embeddable":true,"href":"http:\/\/argentinamunicipal.com.ar\/argentina\/wp-json\/wp\/v2\/tags?post=45073"}],"curies":[{"name":"wp","href":"https:\/\/api.w.org\/{rel}","templated":true}]}}