{"id":45101,"date":"2016-03-30T06:18:57","date_gmt":"2016-03-30T09:18:57","guid":{"rendered":"http:\/\/argentinamunicipal.com.ar\/argentina\/?p=45101"},"modified":"2016-03-30T06:18:57","modified_gmt":"2016-03-30T09:18:57","slug":"intendentes-peronistas-se-reunieron-bolivar","status":"publish","type":"post","link":"http:\/\/argentinamunicipal.com.ar\/argentina\/intendentes-peronistas-se-reunieron-bolivar\/","title":{"rendered":"Intendentes peronistas se reunieron en Bol\u00edvar"},"content":{"rendered":"<p><a href=\"http:\/\/argentinamunicipal.com.ar\/argentina\/wp-content\/uploads\/2016\/03\/181076_1.jpg\"><img loading=\"lazy\" decoding=\"async\" class=\"aligncenter size-full wp-image-45102\" src=\"http:\/\/argentinamunicipal.com.ar\/argentina\/wp-content\/uploads\/2016\/03\/181076_1.jpg\" alt=\"181076_1\" width=\"640\" height=\"350\" srcset=\"http:\/\/argentinamunicipal.com.ar\/argentina\/wp-content\/uploads\/2016\/03\/181076_1.jpg 640w, http:\/\/argentinamunicipal.com.ar\/argentina\/wp-content\/uploads\/2016\/03\/181076_1-300x164.jpg 300w\" sizes=\"auto, (max-width: 640px) 100vw, 640px\" \/><\/a><\/p>\n<p>El encuentro fue para avanzar en la definici\u00f3n de una estrategia en com\u00fan para mantener la presidencia de la Federaci\u00f3n Argentina de Municipios (FAM). Asistieron, entre otros, Mart\u00edn Insaurralde y Mariano Cascallares.<\/p>\n<p>En el almuerzo convocado por el intendente de Bol\u00edvar, Eduardo \u201cBali\u201d Bucca, uno de los principales temas que debatieron los peronistas fue c\u00f3mo lograr retener la Presidencia de la FAM y all\u00ed surgi\u00f3 la idea de \u201chacer un amplio frente\u201d con los justicialistas que se alejaron del Frente para la Victoria, los socialistas y algunos vecinalistas que no comparten las pol\u00edticas de Cambiemos, seg\u00fan explicaron fuentes cercanas al presidente de la FAM e intendente de Florencio Varela, Julio Pereyra.<\/p>\n<p>Cr\u00edticas. En ese sentido, el titular de la FAM sostuvo que \u201cla Federaci\u00f3n es un espacio donde nos juntamos a debatir de pol\u00edtica hacia adelante\u201d y puntualiz\u00f3 que \u201ca nivel nacional siempre se discutieron las autoridades por consenso\u201d.<\/p>\n<p>Pereyra no ahorr\u00f3 cr\u00edticas a los intendentes radicales y del PRO al asegurar que \u201cel actual vicepresidente de la FAM es (Ram\u00f3n) Mestre (C\u00f3rdoba) que nunca particip\u00f3 en estos \u00faltimos a\u00f1os y es uno de los que se candidatea\u201d.<\/p>\n<p>\u201cHay que conducir y discutir, no importa de qu\u00e9 color sea el gobierno actual. El municipalismo argentino tiene problemas que hay que resolver\u201d, sentenci\u00f3 el titular de la FAM.<\/p>\n<p>A su turno, el titular de la FAM Bonaerense e intendente de Ituzaing\u00f3, Alberto Descalzo, areng\u00f3: \u201cTenemos que ordenarnos, organizarnos y tener una estrategia en com\u00fan para recuperar lo que perdimos\u201d.<\/p>\n<p>\u201cAhora no tenemos a quien pedirle la obra p\u00fablica. Tenemos que saber si Naci\u00f3n y la Provincia est\u00e1n dispuestas a continuar con las obras que est\u00e1n paradas\u201d, protest\u00f3 Descalzo.<\/p>\n<p>Ante m\u00e1s de treinta intendentes del FpV, el presidente del PJ bonaerense Fernando Espinoza reiter\u00f3 la propuesta de mesas sectoriales que incluyan al PJ, a otros partidos enfrentados a Cambiemos, c\u00e1maras empresariales, sindicatos y otros actores pol\u00edticos porque \u201ccon el peronismo solo no alcanza\u201d.<\/p>\n<p>Durante su discurso, el ex intendente de La Matanza describi\u00f3 una situaci\u00f3n social y econ\u00f3mica cr\u00edtica en la Provincia y advirti\u00f3: \u201cSi explota el conurbano, salta el presidente y a la gobernadora le va a costar\u201d.<\/p>\n<p>Reclamos. Al finalizar el almuerzo en el municipio de Bol\u00edvar, el intendente kirchnerista Patricio Mussi vaticin\u00f3 que el Gobierno nacional y provincial \u00abvan a tener un grav\u00edsimo problema para sostener el estallido social\u00bb.<\/p>\n<p>\u201cLa gente est\u00e1 pidiendo trabajo\u201d, se\u00f1al\u00f3 Mussi, quien en rueda de prensa, detall\u00f3 que los temas que m\u00e1s preocupan a los intendentes del Frente para la Victoria son el \u201caumento de tarifas, de la luz, el gas y el transporte que tocaron directamente al bolsillo de la gente\u201d.<\/p>\n<p>Sobre la situaci\u00f3n en la FAM, manifest\u00f3: \u201cNosotros nos pusimos a laburar para discutir, hablar de la gesti\u00f3n y conformar una agenda opositora\u201d.<\/p>\n<p>Presencias. La reuni\u00f3n convocada por Bucca, quien integraba el grupo de jefes comunales \u201cLos Oktubres\u201d con afinidad con el ex ministro de Planificaci\u00f3n Julio de Vido y alineados con Cristina Fern\u00e1ndez de Kirchner, cont\u00f3 con la presencia de intendentes de distintos sectores del peronismo que dejaron de lado sus diferencias por el rol opositor del Partido Justicialista (PJ) frente al Gobierno y se abroquelaron para resistir el avance de la UCR y el PRO en un basti\u00f3n peronista como la FAM.<\/p>\n<p>Estuvieron presentes los intendentes: Gustavo Men\u00e9ndez (Merlo); Mariano Cascallares (Almirante Brown); Juan Zabaleta (Hurlingham); Juan Ustarroz (Mercedes); Santiago Maggiotti (Navarro); Ver\u00f3nica Magario (La Matanza); Mart\u00edn Insaurralde (Lomas de Zamora); Hern\u00e1n Y Zurieta (Punta Indio); Hugo Corvatta (Saavedra); Roberto \u00c1lvarez (Tres Lomas); Hern\u00e1n Bertellys (Azul); Juan Gasparini (Roque P\u00e9rez); Gustavo Cocconi (Tapalqu\u00e9); Ricardo Casi (Col\u00f3n); Francisco Dura\u00f1ona (San Antonio de Areco); Francisco Echarren (Castelli); Juan Pablo de Jes\u00fas (Partido de La Costa); Patricio Mussi (Berazategui); Julio Marini (Benito Ju\u00e1rez); Marcos Fern\u00e1ndez (Monte Hermoso); y Ariel Sujarchuk (Escobar); entre otros.<\/p>\n<h6>Fuente: Inforegi\u00f3n<\/h6>\n","protected":false},"excerpt":{"rendered":"<p>El encuentro fue para avanzar en la definici\u00f3n de una estrategia en com\u00fan para mantener la presidencia de la Federaci\u00f3n Argentina de Municipios (FAM). Asistieron, entre otros, Mart\u00edn Insaurralde y Mariano Cascallares. En el almuerzo convocado por el intendente de Bol\u00edvar, Eduardo \u201cBali\u201d Bucca, uno de los principales temas que debatieron los peronistas fue c\u00f3mo<\/p>\n","protected":false},"author":2,"featured_media":45102,"comment_status":"closed","ping_status":"closed","sticky":false,"template":"","format":"standard","meta":{"footnotes":""},"categories":[4],"tags":[12],"class_list":["post-45101","post","type-post","status-publish","format-standard","has-post-thumbnail","hentry","category-informe-politico","tag-buenos-aires"],"_links":{"self":[{"href":"http:\/\/argentinamunicipal.com.ar\/argentina\/wp-json\/wp\/v2\/posts\/45101","targetHints":{"allow":["GET"]}}],"collection":[{"href":"http:\/\/argentinamunicipal.com.ar\/argentina\/wp-json\/wp\/v2\/posts"}],"about":[{"href":"http:\/\/argentinamunicipal.com.ar\/argentina\/wp-json\/wp\/v2\/types\/post"}],"author":[{"embeddable":true,"href":"http:\/\/argentinamunicipal.com.ar\/argentina\/wp-json\/wp\/v2\/users\/2"}],"replies":[{"embeddable":true,"href":"http:\/\/argentinamunicipal.com.ar\/argentina\/wp-json\/wp\/v2\/comments?post=45101"}],"version-history":[{"count":0,"href":"http:\/\/argentinamunicipal.com.ar\/argentina\/wp-json\/wp\/v2\/posts\/45101\/revisions"}],"wp:featuredmedia":[{"embeddable":true,"href":"http:\/\/argentinamunicipal.com.ar\/argentina\/wp-json\/wp\/v2\/media\/45102"}],"wp:attachment":[{"href":"http:\/\/argentinamunicipal.com.ar\/argentina\/wp-json\/wp\/v2\/media?parent=45101"}],"wp:term":[{"taxonomy":"category","embeddable":true,"href":"http:\/\/argentinamunicipal.com.ar\/argentina\/wp-json\/wp\/v2\/categories?post=45101"},{"taxonomy":"post_tag","embeddable":true,"href":"http:\/\/argentinamunicipal.com.ar\/argentina\/wp-json\/wp\/v2\/tags?post=45101"}],"curies":[{"name":"wp","href":"https:\/\/api.w.org\/{rel}","templated":true}]}}