{"id":45159,"date":"2016-03-31T06:43:56","date_gmt":"2016-03-31T09:43:56","guid":{"rendered":"http:\/\/argentinamunicipal.com.ar\/argentina\/?p=45159"},"modified":"2016-04-04T20:19:25","modified_gmt":"2016-04-04T23:19:25","slug":"decidido-la-fam-seguir-siendo-conducida-intendente-del-fpv","status":"publish","type":"post","link":"http:\/\/argentinamunicipal.com.ar\/argentina\/decidido-la-fam-seguir-siendo-conducida-intendente-del-fpv\/","title":{"rendered":"\u00abHemos decidido que la FAM debe seguir siendo conducida por un intendente del FpV\u00bb"},"content":{"rendered":"<p>El intendente de Bol\u00edvar, Eduardo Bucca, asegur\u00f3 que \u00abintentar\u00e1n\u00bb retener la conducci\u00f3n de la Federaci\u00f3n a nivel nacional y provincial. La discusi\u00f3n para trazar la estrategia y llegar a consensuar al candidato, ya empez\u00f3.<\/p>\n<p>La convocatoria del intendente de Bol\u00edvar Eduardo \u201cBali\u201d Bucca super\u00f3 las expectativas de la organizaci\u00f3n: se hab\u00edan preparado para recibir a unos 20 intendentes del Frente para la Victoria de la provincia, pero fueron casi 40, y hubo que agregar sillas y mesas a \u00faltimo momento. El debate fue intenso y termin\u00f3 con una conclusi\u00f3n clara: no est\u00e1n dispuestos a entregar el control de la FAM a Cambiemos.<\/p>\n<p>La necesidad de catarsis de los jefes comunales los volvi\u00f3 a convocar. Esta vez, adem\u00e1s de la autocr\u00edtica por los resultados de las \u00faltimas elecciones y los cuestionamientos a las medidas econ\u00f3micas de Mauricio Macri, la necesidad de conservar la conducci\u00f3n de la Federaci\u00f3n Argentina de Municipios (FAM) se llev\u00f3 gran parte del encuentro.<\/p>\n<p>\u201cHemos decidido que la FAM debe seguir siendo conducida por un intendente del FpV tanto en el orden nacional como en el provincial. Estamos intentando eso y estamos abiertos al di\u00e1logo para poder llegar a un acuerdo\u201d, cont\u00f3 a INFOCIELO el anfitri\u00f3n. La Federaci\u00f3n, que nuclea a municipios de todo el pa\u00eds y de todos los partidos pol\u00edticos, es presidida actualmente por el intendente de Florencio Varela, Julio Pereyra, quien ayer dej\u00f3 en claro su deseo de \u201cdejar la FAM y que alguien se haga cargo\u201d.<\/p>\n<p>Bucca admiti\u00f3 que el debate \u201cpor momentos fue bastante en\u00e9rgico\u201d, y asegur\u00f3 que \u201cera necesario\u201d porque \u201cel FpV reci\u00e9n est\u00e1 asimilando que nos toc\u00f3 ser opositores en la Provincia y en la Naci\u00f3n\u201d. \u201cQued\u00f3 claro que no hay destino positivo que no sea a trav\u00e9s de la unidad de todo este espacio, que tiene que ser bregada a partir de la diversidad y se nutra de lo que nos plantean cada uno de los vecinos de la Provincia\u201d, agreg\u00f3 el intendente de Bol\u00edvar a este portal.<\/p>\n<p>La reuni\u00f3n fue solo el puntapi\u00e9 inicial para avanzar en la estrategia para retener la FAM y en los pr\u00f3ximos d\u00edas, adelantan que habr\u00e1 una nueva convocatoria.<\/p>\n<h6>Fuente: InfoCielo<\/h6>\n","protected":false},"excerpt":{"rendered":"<p>El intendente de Bol\u00edvar, Eduardo Bucca, asegur\u00f3 que \u00abintentar\u00e1n\u00bb retener la conducci\u00f3n de la Federaci\u00f3n a nivel nacional y provincial. La discusi\u00f3n para trazar la estrategia y llegar a consensuar al candidato, ya empez\u00f3.<\/p>\n","protected":false},"author":2,"featured_media":45160,"comment_status":"closed","ping_status":"closed","sticky":false,"template":"","format":"standard","meta":{"footnotes":""},"categories":[4],"tags":[12],"class_list":["post-45159","post","type-post","status-publish","format-standard","has-post-thumbnail","hentry","category-informe-politico","tag-buenos-aires"],"_links":{"self":[{"href":"http:\/\/argentinamunicipal.com.ar\/argentina\/wp-json\/wp\/v2\/posts\/45159","targetHints":{"allow":["GET"]}}],"collection":[{"href":"http:\/\/argentinamunicipal.com.ar\/argentina\/wp-json\/wp\/v2\/posts"}],"about":[{"href":"http:\/\/argentinamunicipal.com.ar\/argentina\/wp-json\/wp\/v2\/types\/post"}],"author":[{"embeddable":true,"href":"http:\/\/argentinamunicipal.com.ar\/argentina\/wp-json\/wp\/v2\/users\/2"}],"replies":[{"embeddable":true,"href":"http:\/\/argentinamunicipal.com.ar\/argentina\/wp-json\/wp\/v2\/comments?post=45159"}],"version-history":[{"count":0,"href":"http:\/\/argentinamunicipal.com.ar\/argentina\/wp-json\/wp\/v2\/posts\/45159\/revisions"}],"wp:featuredmedia":[{"embeddable":true,"href":"http:\/\/argentinamunicipal.com.ar\/argentina\/wp-json\/wp\/v2\/media\/45160"}],"wp:attachment":[{"href":"http:\/\/argentinamunicipal.com.ar\/argentina\/wp-json\/wp\/v2\/media?parent=45159"}],"wp:term":[{"taxonomy":"category","embeddable":true,"href":"http:\/\/argentinamunicipal.com.ar\/argentina\/wp-json\/wp\/v2\/categories?post=45159"},{"taxonomy":"post_tag","embeddable":true,"href":"http:\/\/argentinamunicipal.com.ar\/argentina\/wp-json\/wp\/v2\/tags?post=45159"}],"curies":[{"name":"wp","href":"https:\/\/api.w.org\/{rel}","templated":true}]}}