{"id":45180,"date":"2016-03-31T07:41:35","date_gmt":"2016-03-31T10:41:35","guid":{"rendered":"http:\/\/argentinamunicipal.com.ar\/argentina\/?p=45180"},"modified":"2016-04-04T23:44:07","modified_gmt":"2016-04-05T02:44:07","slug":"alquileres-inquilinos-organizados-pediran-se-cree-una-oficina-reclamos-la-municipalidad-parana","status":"publish","type":"post","link":"http:\/\/argentinamunicipal.com.ar\/argentina\/alquileres-inquilinos-organizados-pediran-se-cree-una-oficina-reclamos-la-municipalidad-parana\/","title":{"rendered":"Inquilinos Organizados piden una oficina para reclamos en el Municipio de Paran\u00e1"},"content":{"rendered":"<p>&nbsp;<\/p>\n<p>Inquilinos Organizados de Entre R\u00edos presentar\u00e1 en el Concejo Deliberante de Paran\u00e1 un proyecto por el cual se cree una oficina para atender los reclamos de quienes alquilan propiedades en la ciudad \u2022 El integrante de la ONG, Augusto Mu\u00f1oz, dijo a APFDigital que luego presentar\u00e1n una iniciativa similar a nivel provincial<\/p>\n<p>Presentar\u00e1 en el Concejo Deliberante de Paran\u00e1 un proyecto para crear una oficina que atienda los reclamos de inquilinos.<\/p>\n<p>Mu\u00f1oz indic\u00f3 que en la Defensor\u00eda del Pueblo de Buenos Aires hay una Defensor\u00eda del Inquilino, tambi\u00e9n en Santa Fe, donde est\u00e1 la Oficina Municipal del Inquilino, que tienen como objetivos el asesoramiento legal gratuito. \u201cSin embargo, en Paran\u00e1 ni en la provincia hay algo parecido, por eso pediremos que se conforme\u201d, asever\u00f3.<\/p>\n<p>Seg\u00fan agreg\u00f3, la ONG estudia la legislaci\u00f3n actual para luego elaborar un proyecto que presentar\u00e1n a los bloques de ediles del Concejo Deliberante de Paran\u00e1, aunque no precis\u00f3 los plazos que se determinaron para hacerlo: \u201cDespu\u00e9s servir\u00e1 para presentarlo a los legisladores provinciales\u201d, agreg\u00f3.<\/p>\n<p>\u201cNuestra iniciativa va en sinton\u00eda con el Frente Nacional de Inquilinos, por eso apoyamos la nueva ley de alquileres que intentamos que se discuta a nivel nacional. Entendemos, por ejemplo, que el aumento de los alquileres, que se fija de manera totalmente arbitraria, debe estar regido por los \u00edndices inflacionarios del Indec\u201d, lament\u00f3.<\/p>\n<p>Por \u00faltimo, Mu\u00f1oz sostuvo a esta Agencia que quienes llevan adelante la organizaci\u00f3n son tambi\u00e9n \u201cinquilinos que estamos tratando de organizarnos ante la total desregulaci\u00f3n que existe\u201d.<\/p>\n<h6>Fuente: APF Digital<\/h6>\n","protected":false},"excerpt":{"rendered":"<p>Presentar\u00e1n en el Concejo de Paran\u00e1 un proyecto por el cual se cree una oficina para atender los reclamos de quienes alquilan propiedades en la ciudad<\/p>\n","protected":false},"author":2,"featured_media":45181,"comment_status":"closed","ping_status":"closed","sticky":false,"template":"","format":"standard","meta":{"footnotes":""},"categories":[2],"tags":[17],"class_list":["post-45180","post","type-post","status-publish","format-standard","has-post-thumbnail","hentry","category-informe-municipal","tag-entre-rios"],"_links":{"self":[{"href":"http:\/\/argentinamunicipal.com.ar\/argentina\/wp-json\/wp\/v2\/posts\/45180","targetHints":{"allow":["GET"]}}],"collection":[{"href":"http:\/\/argentinamunicipal.com.ar\/argentina\/wp-json\/wp\/v2\/posts"}],"about":[{"href":"http:\/\/argentinamunicipal.com.ar\/argentina\/wp-json\/wp\/v2\/types\/post"}],"author":[{"embeddable":true,"href":"http:\/\/argentinamunicipal.com.ar\/argentina\/wp-json\/wp\/v2\/users\/2"}],"replies":[{"embeddable":true,"href":"http:\/\/argentinamunicipal.com.ar\/argentina\/wp-json\/wp\/v2\/comments?post=45180"}],"version-history":[{"count":0,"href":"http:\/\/argentinamunicipal.com.ar\/argentina\/wp-json\/wp\/v2\/posts\/45180\/revisions"}],"wp:featuredmedia":[{"embeddable":true,"href":"http:\/\/argentinamunicipal.com.ar\/argentina\/wp-json\/wp\/v2\/media\/45181"}],"wp:attachment":[{"href":"http:\/\/argentinamunicipal.com.ar\/argentina\/wp-json\/wp\/v2\/media?parent=45180"}],"wp:term":[{"taxonomy":"category","embeddable":true,"href":"http:\/\/argentinamunicipal.com.ar\/argentina\/wp-json\/wp\/v2\/categories?post=45180"},{"taxonomy":"post_tag","embeddable":true,"href":"http:\/\/argentinamunicipal.com.ar\/argentina\/wp-json\/wp\/v2\/tags?post=45180"}],"curies":[{"name":"wp","href":"https:\/\/api.w.org\/{rel}","templated":true}]}}