{"id":45201,"date":"2016-03-31T08:10:43","date_gmt":"2016-03-31T11:10:43","guid":{"rendered":"http:\/\/argentinamunicipal.com.ar\/argentina\/?p=45201"},"modified":"2016-04-04T23:44:59","modified_gmt":"2016-04-05T02:44:59","slug":"santa-fe-invertira-mil-millones-pesos-equipar-municipios-comunas","status":"publish","type":"post","link":"http:\/\/argentinamunicipal.com.ar\/argentina\/santa-fe-invertira-mil-millones-pesos-equipar-municipios-comunas\/","title":{"rendered":"Santa Fe invertir\u00e1 mil millones de pesos para equipar a municipios y comunas"},"content":{"rendered":"<p>El gobernador de la provincia de Santa Fe, Miguel Lifschitz, present\u00f3 ayer en Casilda el programa \u201cEquipar Santa Fe\u201d, que prev\u00e9 una inversi\u00f3n de mil millones de pesos para equipar a municipios y comunas de toda la provincia.<\/p>\n<p><span style=\"line-height: 1.5\">De esta manera, se busca mejorar la prestaci\u00f3n de los servicios, potenciar la realizaci\u00f3n de obras e incorporar equipamiento a las propias administraciones locales de modo de fortalecer su capacidad de gesti\u00f3n.<\/span><\/p>\n<p>La provincia comprar\u00e1 maquinaria y equipamiento por hasta mil millones de pesos, para luego financiar la inversi\u00f3n de municipios y comunas.<\/p>\n<p>\u201cEl equipamiento es indispensable para prestar buenos servicios a los vecinos y encarar obras en cada localidad de la provincia\u201d, indic\u00f3 el gobernador, para luego explicar que la idea surgi\u00f3 como respuesta a \u201cdistintos planteos que recibimos de intendentes y presidentes comunales cuando tomamos contacto al inicio de la gesti\u00f3n, sobre la falta de alg\u00fan equipamiento o la necesidad de renovar la flota de maquinarias. Ahora este proyecto requiere una ley de la Legislatura para lograr el financiamiento en que estamos pensando\u201d, indic\u00f3 ante las numerosas autoridades locales que se dieron cita en la municipalidad de Casilda.<\/p>\n<p>La iniciativa ingres\u00f3 este martes a la Legislatura santafesina con el objetivo de que se apruebe hacia fines de abril.<br \/>\nPara poner en marcha \u201cEquipar Santa Fe\u201d, el gobierno de la provincia realizar\u00e1 una adquisici\u00f3n centralizada y a escala del equipamiento solicitado por los municipios y las comunas. Esa compra global permitir\u00e1 acceder a condiciones m\u00e1s favorables y, posteriormente, otorgar a los gobiernos locales un financiamiento con tasas convenientes y un plazo m\u00ednimo de amortizaci\u00f3n de 12 meses.<\/p>\n<p>\u201cYa estamos en contacto con empresas proveedoras y queremos entregar los primeros equipamientos durante el primer semestre del a\u00f1o, mientras que en el segundo esperamos que se d\u00e9 la reactivaci\u00f3n econ\u00f3mica y la recuperaci\u00f3n del empleo en el pa\u00eds\u201d, confi\u00f3 el gobernador.<\/p>\n<p>\u201cPensamos en Casilda para la presentaci\u00f3n de Equipar Santa Fe porque esta ciudad -aunque no sea la \u00fanica- representa muy bien la combinaci\u00f3n de desarrollo agropecuario, industrial y comercial; es el modelo que queremos alentar en toda la provincia. Estamos convencidos de que el desarrollo de Santa Fe pasa por el interior y todas sus localidades\u201d, asegur\u00f3 para finalizar.<\/p>\n<p><strong>EL PROGRAMA<\/strong><\/p>\n<p>El programa prev\u00e9 financiar la compra de equipamiento esencial para mejorar los servicios a la comunidad, tal como el utilizado para el mantenimiento, ensanche y apertura de calles y caminos urbanos y rurales, pavimentaci\u00f3n y repavimentaci\u00f3n de calzadas, obras hidr\u00e1ulicas y mejoramiento de comunicaciones interurbanas, entre otros trabajos. Tambi\u00e9n est\u00e1 destinado a la compra de rodados, maquinaria y otros equipos de uso habitual en los municipios y las comunas.<\/p>\n<p>Los municipios y comunas podr\u00e1n agruparse en consorcios para la adquisici\u00f3n, el uso y la administraci\u00f3n de las maquinarias y bienes. Por su parte, la secretar\u00eda de Regiones, Municipios y Comunas asesorar\u00e1 y asistir\u00e1 en la conformaci\u00f3n de consorcios a aquellas comunas que decidan adquirir y mantener las maquinarias a trav\u00e9s de dicha figura, fomentando el asociativismo y la cooperaci\u00f3n para la resoluci\u00f3n de los problemas locales.<\/p>\n<h6>Fuente: La Opini\u00f3n<\/h6>\n","protected":false},"excerpt":{"rendered":"<p>El gobernador de la provincia de Santa Fe, Miguel Lifschitz, present\u00f3 ayer en Casilda el programa \u201cEquipar Santa Fe\u201d, que prev\u00e9 una inversi\u00f3n de mil millones de pesos para equipar a municipios y comunas de toda la provincia.<\/p>\n","protected":false},"author":2,"featured_media":45202,"comment_status":"closed","ping_status":"closed","sticky":false,"template":"","format":"standard","meta":{"footnotes":""},"categories":[2],"tags":[10],"class_list":["post-45201","post","type-post","status-publish","format-standard","has-post-thumbnail","hentry","category-informe-municipal","tag-santa-fe"],"_links":{"self":[{"href":"http:\/\/argentinamunicipal.com.ar\/argentina\/wp-json\/wp\/v2\/posts\/45201","targetHints":{"allow":["GET"]}}],"collection":[{"href":"http:\/\/argentinamunicipal.com.ar\/argentina\/wp-json\/wp\/v2\/posts"}],"about":[{"href":"http:\/\/argentinamunicipal.com.ar\/argentina\/wp-json\/wp\/v2\/types\/post"}],"author":[{"embeddable":true,"href":"http:\/\/argentinamunicipal.com.ar\/argentina\/wp-json\/wp\/v2\/users\/2"}],"replies":[{"embeddable":true,"href":"http:\/\/argentinamunicipal.com.ar\/argentina\/wp-json\/wp\/v2\/comments?post=45201"}],"version-history":[{"count":0,"href":"http:\/\/argentinamunicipal.com.ar\/argentina\/wp-json\/wp\/v2\/posts\/45201\/revisions"}],"wp:featuredmedia":[{"embeddable":true,"href":"http:\/\/argentinamunicipal.com.ar\/argentina\/wp-json\/wp\/v2\/media\/45202"}],"wp:attachment":[{"href":"http:\/\/argentinamunicipal.com.ar\/argentina\/wp-json\/wp\/v2\/media?parent=45201"}],"wp:term":[{"taxonomy":"category","embeddable":true,"href":"http:\/\/argentinamunicipal.com.ar\/argentina\/wp-json\/wp\/v2\/categories?post=45201"},{"taxonomy":"post_tag","embeddable":true,"href":"http:\/\/argentinamunicipal.com.ar\/argentina\/wp-json\/wp\/v2\/tags?post=45201"}],"curies":[{"name":"wp","href":"https:\/\/api.w.org\/{rel}","templated":true}]}}