{"id":453,"date":"2014-02-06T23:09:53","date_gmt":"2014-02-07T02:09:53","guid":{"rendered":"http:\/\/argentinamunicipal.com.ar\/argentina\/?p=453"},"modified":"2014-02-09T23:11:58","modified_gmt":"2014-02-10T02:11:58","slug":"municipales-de-tucuman-piden-una-suba-del-100","status":"publish","type":"post","link":"http:\/\/argentinamunicipal.com.ar\/argentina\/municipales-de-tucuman-piden-una-suba-del-100\/","title":{"rendered":"Municipales de Tucum\u00e1n piden una suba del 100%"},"content":{"rendered":"<p><a href=\"http:\/\/argentinamunicipal.com.ar\/argentina\/wp-content\/uploads\/2014\/02\/IMG_0159.jpg\"><img loading=\"lazy\" decoding=\"async\" class=\"aligncenter size-full wp-image-454\" alt=\"IMG_0159\" src=\"http:\/\/argentinamunicipal.com.ar\/argentina\/wp-content\/uploads\/2014\/02\/IMG_0159.jpg\" width=\"1600\" height=\"899\" srcset=\"http:\/\/argentinamunicipal.com.ar\/argentina\/wp-content\/uploads\/2014\/02\/IMG_0159.jpg 1600w, http:\/\/argentinamunicipal.com.ar\/argentina\/wp-content\/uploads\/2014\/02\/IMG_0159-300x168.jpg 300w, http:\/\/argentinamunicipal.com.ar\/argentina\/wp-content\/uploads\/2014\/02\/IMG_0159-1024x575.jpg 1024w\" sizes=\"auto, (max-width: 1600px) 100vw, 1600px\" \/><\/a><\/p>\n<p>Dirigentes municipales de toda la provincia crearon, mediante una asamblea en el Sindicato Municipal de la Capital, el Frente Gremial Estatal y Municipal. Tras un encuentro, resolvieron enviar un petitorio a la Casa de Gobierno para que se realicen las paritarias.<\/p>\n<p>\u201cSe solicita un incremento del 100 x 100 sobre el b\u00e1sico de la categor\u00eda 15 de la escala salarial que rige en la Municipalidad capitalina, que ser\u00e1 aplicado a todo el sector estatal provincial y municipal, siendo dicha suma remunerativa y bonificable\u201d, explica el primer punto del escrito, firmado por Osvaldo Acosta (Capital), Enzo Alarc\u00f3n (Simoca), Vicente Ruiz (Aguilares), Julio Carrizo (Taf\u00ed Viejo), Fabi\u00e1n Jim\u00e9nez (Monteros), Julio Parra (Bella Vista), Carlos Reinoso (Yerba Buena) y Mois\u00e9s Arias (Concepci\u00f3n).<\/p>\n<p>Adem\u00e1s, pidieron que se decrete \u201cel inicio de las paritarias (&#8230;), retom\u00e1ndose las mismas cada tres meses\u201d; el pago de ayuda escolar de $ 520; el bloqueo de los adicionales en negro; el pase a planta permanente del personal con m\u00e1s de dos a\u00f1os de servicio en la administraci\u00f3n p\u00fablica; la creaci\u00f3n de una comisi\u00f3n, durante un mes, para que analice \u201clos problemas que se suscitan en el \u00e1rea docente\u201d, entre otros puntos.<\/p>\n<pre>Fuente: La Gaceta<\/pre>\n","protected":false},"excerpt":{"rendered":"<p>Dirigentes municipales de toda la provincia crearon, mediante una asamblea en el Sindicato Municipal de la Capital, el Frente Gremial Estatal y Municipal. Tras un encuentro, resolvieron enviar un petitorio a la Casa de Gobierno para que se realicen las paritarias. \u201cSe solicita un incremento del 100 x 100 sobre el b\u00e1sico de la categor\u00eda<\/p>\n","protected":false},"author":1,"featured_media":454,"comment_status":"closed","ping_status":"closed","sticky":false,"template":"","format":"standard","meta":{"footnotes":""},"categories":[7],"tags":[33],"class_list":["post-453","post","type-post","status-publish","format-standard","has-post-thumbnail","hentry","category-informe-sindical","tag-tucuman"],"_links":{"self":[{"href":"http:\/\/argentinamunicipal.com.ar\/argentina\/wp-json\/wp\/v2\/posts\/453","targetHints":{"allow":["GET"]}}],"collection":[{"href":"http:\/\/argentinamunicipal.com.ar\/argentina\/wp-json\/wp\/v2\/posts"}],"about":[{"href":"http:\/\/argentinamunicipal.com.ar\/argentina\/wp-json\/wp\/v2\/types\/post"}],"author":[{"embeddable":true,"href":"http:\/\/argentinamunicipal.com.ar\/argentina\/wp-json\/wp\/v2\/users\/1"}],"replies":[{"embeddable":true,"href":"http:\/\/argentinamunicipal.com.ar\/argentina\/wp-json\/wp\/v2\/comments?post=453"}],"version-history":[{"count":0,"href":"http:\/\/argentinamunicipal.com.ar\/argentina\/wp-json\/wp\/v2\/posts\/453\/revisions"}],"wp:featuredmedia":[{"embeddable":true,"href":"http:\/\/argentinamunicipal.com.ar\/argentina\/wp-json\/wp\/v2\/media\/454"}],"wp:attachment":[{"href":"http:\/\/argentinamunicipal.com.ar\/argentina\/wp-json\/wp\/v2\/media?parent=453"}],"wp:term":[{"taxonomy":"category","embeddable":true,"href":"http:\/\/argentinamunicipal.com.ar\/argentina\/wp-json\/wp\/v2\/categories?post=453"},{"taxonomy":"post_tag","embeddable":true,"href":"http:\/\/argentinamunicipal.com.ar\/argentina\/wp-json\/wp\/v2\/tags?post=453"}],"curies":[{"name":"wp","href":"https:\/\/api.w.org\/{rel}","templated":true}]}}