{"id":4554,"date":"2014-03-21T13:42:02","date_gmt":"2014-03-21T16:42:02","guid":{"rendered":"http:\/\/argentinamunicipal.com.ar\/argentina\/?p=4554"},"modified":"2014-03-21T13:42:02","modified_gmt":"2014-03-21T16:42:02","slug":"avanza-en-rio-grande-la-construccion-de-50-viviendas-sociales","status":"publish","type":"post","link":"http:\/\/argentinamunicipal.com.ar\/argentina\/avanza-en-rio-grande-la-construccion-de-50-viviendas-sociales\/","title":{"rendered":"Avanza en R\u00edo Grande la construcci\u00f3n de 50 viviendas sociales"},"content":{"rendered":"<p><a href=\"http:\/\/argentinamunicipal.com.ar\/argentina\/wp-content\/uploads\/2014\/03\/532c229e4d1c8_724_407.jpg\"><img loading=\"lazy\" decoding=\"async\" class=\"aligncenter size-full wp-image-4555\" alt=\"532c229e4d1c8_724_407!\" src=\"http:\/\/argentinamunicipal.com.ar\/argentina\/wp-content\/uploads\/2014\/03\/532c229e4d1c8_724_407.jpg\" width=\"724\" height=\"407\" srcset=\"http:\/\/argentinamunicipal.com.ar\/argentina\/wp-content\/uploads\/2014\/03\/532c229e4d1c8_724_407.jpg 724w, http:\/\/argentinamunicipal.com.ar\/argentina\/wp-content\/uploads\/2014\/03\/532c229e4d1c8_724_407-300x168.jpg 300w\" sizes=\"auto, (max-width: 724px) 100vw, 724px\" \/><\/a><\/p>\n<p>Avanza la construcci\u00f3n de viviendas sociales El delegado de la Comisi\u00f3n Nacional de Tierra y H\u00e1bitat, Luis Su\u00e1rez, confirm\u00f3 que el lunes se comenz\u00f3 con los trabajos para la construcci\u00f3n de 50 viviendas sociales que se logran concretar a trav\u00e9s de un convenio sellado con el intendente Gustavo Melella, en el marco de soluciones habitacionales a la demanda que existe en la poblaci\u00f3n.<\/p>\n<p>Estas 50 unidades habitacionales se suman a las que ya est\u00e1n finalizadas y entregadas a la Municipalidad y cuya adjudicaci\u00f3n a sus beneficiarios depende de la finalizaci\u00f3n del alumbrado p\u00fablico, tarea que est\u00e1 a cargo de la Cooperativa El\u00e9ctrica.<\/p>\n<p>Luis Su\u00e1rez dijo que \u201cla fecha de inauguraci\u00f3n de las viviendas depende de cuando se termine la instalaci\u00f3n del alumbrado p\u00fablico, lo que creemos que no ser\u00e1 m\u00e1s all\u00e1 de diez d\u00edas. Las Cooperativas de Trabajo que construyeron las casas ya dieron el final de obra y las entregaron al Municipio\u201d.<\/p>\n<p>Luis Su\u00e1rez destac\u00f3 el crecimiento que tuvo el programa nacional de viviendas sociales, construidas a trav\u00e9s de Cooperativas que da trabajo a mucha gente carenciada y que encuentra en esto una salida laboral.<\/p>\n<p>\u201cEsto comenz\u00f3 como prueba piloto con diez viviendas que se construyeron en Tolhuin y ahora con total satisfacci\u00f3n podemos decir que estamos por concretar un total de 200 unidades habitacionales en toda la Provincia\u201d, dijo Luis Su\u00e1rez, delegado de la Comisi\u00f3n Nacional de Tierras, quien destac\u00f3 el rol que en todo esto \u201ctuvieron las Municipalidades, que se animaron a sumarse a esta propuesta del Gobierno Nacional\u201d.<\/p>\n<p>En relaci\u00f3n a las nuevas viviendas que se construyen en R\u00edo Grande, el referente nacional dijo que \u201cya se inicio el movimiento de suelo y se comenz\u00f3 con la elaboraci\u00f3n de los paneles. La construcci\u00f3n demanda seis meses y estamos trabajando a destajo para cumplir con los plazos establecidos\u201d.<\/p>\n<p>\u201cLa verdad que esto es un esfuerzo noble que se hace desde Naci\u00f3n y en el cual el Municipio se compromete y trabaja con las cooperativas\u201d dijo Luis Su\u00e1rez.<\/p>\n<h6>Fuente: Reporte Austral<\/h6>\n","protected":false},"excerpt":{"rendered":"<p>Avanza la construcci\u00f3n de viviendas sociales El delegado de la Comisi\u00f3n Nacional de Tierra y H\u00e1bitat, Luis Su\u00e1rez, confirm\u00f3 que el lunes se comenz\u00f3 con los trabajos para la construcci\u00f3n de 50 viviendas sociales que se logran concretar a trav\u00e9s de un convenio sellado con el intendente Gustavo Melella, en el marco de soluciones habitacionales<\/p>\n","protected":false},"author":2,"featured_media":4555,"comment_status":"closed","ping_status":"closed","sticky":false,"template":"","format":"standard","meta":{"footnotes":""},"categories":[2],"tags":[34],"class_list":["post-4554","post","type-post","status-publish","format-standard","has-post-thumbnail","hentry","category-informe-municipal","tag-tierra-del-fuego"],"_links":{"self":[{"href":"http:\/\/argentinamunicipal.com.ar\/argentina\/wp-json\/wp\/v2\/posts\/4554","targetHints":{"allow":["GET"]}}],"collection":[{"href":"http:\/\/argentinamunicipal.com.ar\/argentina\/wp-json\/wp\/v2\/posts"}],"about":[{"href":"http:\/\/argentinamunicipal.com.ar\/argentina\/wp-json\/wp\/v2\/types\/post"}],"author":[{"embeddable":true,"href":"http:\/\/argentinamunicipal.com.ar\/argentina\/wp-json\/wp\/v2\/users\/2"}],"replies":[{"embeddable":true,"href":"http:\/\/argentinamunicipal.com.ar\/argentina\/wp-json\/wp\/v2\/comments?post=4554"}],"version-history":[{"count":0,"href":"http:\/\/argentinamunicipal.com.ar\/argentina\/wp-json\/wp\/v2\/posts\/4554\/revisions"}],"wp:featuredmedia":[{"embeddable":true,"href":"http:\/\/argentinamunicipal.com.ar\/argentina\/wp-json\/wp\/v2\/media\/4555"}],"wp:attachment":[{"href":"http:\/\/argentinamunicipal.com.ar\/argentina\/wp-json\/wp\/v2\/media?parent=4554"}],"wp:term":[{"taxonomy":"category","embeddable":true,"href":"http:\/\/argentinamunicipal.com.ar\/argentina\/wp-json\/wp\/v2\/categories?post=4554"},{"taxonomy":"post_tag","embeddable":true,"href":"http:\/\/argentinamunicipal.com.ar\/argentina\/wp-json\/wp\/v2\/tags?post=4554"}],"curies":[{"name":"wp","href":"https:\/\/api.w.org\/{rel}","templated":true}]}}