{"id":4570,"date":"2014-03-22T08:21:29","date_gmt":"2014-03-22T11:21:29","guid":{"rendered":"http:\/\/argentinamunicipal.com.ar\/argentina\/?p=4570"},"modified":"2014-03-22T08:21:29","modified_gmt":"2014-03-22T11:21:29","slug":"municipales-de-capayan-cortan-la-ruta-38","status":"publish","type":"post","link":"http:\/\/argentinamunicipal.com.ar\/argentina\/municipales-de-capayan-cortan-la-ruta-38\/","title":{"rendered":"Municipales de Capay\u00e1n cortan la Ruta 38"},"content":{"rendered":"<p><a href=\"http:\/\/argentinamunicipal.com.ar\/argentina\/wp-content\/uploads\/2014\/03\/4-2.jpg_1033502443.jpg\"><img loading=\"lazy\" decoding=\"async\" class=\"alignright size-full wp-image-4571\" alt=\"4-2.jpg_1033502443\" src=\"http:\/\/argentinamunicipal.com.ar\/argentina\/wp-content\/uploads\/2014\/03\/4-2.jpg_1033502443.jpg\" width=\"469\" height=\"265\" srcset=\"http:\/\/argentinamunicipal.com.ar\/argentina\/wp-content\/uploads\/2014\/03\/4-2.jpg_1033502443.jpg 469w, http:\/\/argentinamunicipal.com.ar\/argentina\/wp-content\/uploads\/2014\/03\/4-2.jpg_1033502443-300x169.jpg 300w\" sizes=\"auto, (max-width: 469px) 100vw, 469px\" \/><\/a>Empleados municipales de Capay\u00e1n, volvieron a cortar la ruta nacional 38, en reclamo a un incremento salarial.<\/p>\n<p>Norma Cuesta, representante de los empleados municipales de Capay\u00e1n, se\u00f1al\u00f3: \u00abAyer le entregamos a la gobernadora Lucia Corpacci,una carta para pedirle que intervenga en la negociaci\u00f3n por un incremento salarial, ya que no tuvimos respuesta\u00bb.<\/p>\n<p>El intendente, Alfredo Hoffman, no dio ninguna respuesta a la protesta que realizan los empleados.<\/p>\n<p>Los cortes en la ruta 38 est\u00e1n programados de 7 a 13 horas. Si no hay una respuesta al reclamo, van a seguir con las medidas de fuerza.<\/p>\n<p>Los empleados le solicitan al intendente, un incremento salarial de $2000 pesos.<\/p>\n<p>Por otra parte, el intendente de Andalgal\u00e1, Alejandro P\u00e1ez, recibi\u00f3 en su despacho a la comisi\u00f3n directiva del Sindicato de Obreros y Empleados Municipales de Andalgal\u00e1 en donde avanzaron sobre el pedido de incremento salarial.El ofrecimiento es del 16%.<\/p>\n<h6>Fuente: El Ancasti<\/h6>\n","protected":false},"excerpt":{"rendered":"<p>Empleados municipales de Capay\u00e1n, volvieron a cortar la ruta nacional 38, en reclamo a un incremento salarial. Norma Cuesta, representante de los empleados municipales de Capay\u00e1n, se\u00f1al\u00f3: \u00abAyer le entregamos a la gobernadora Lucia Corpacci,una carta para pedirle que intervenga en la negociaci\u00f3n por un incremento salarial, ya que no tuvimos respuesta\u00bb. El intendente, Alfredo<\/p>\n","protected":false},"author":2,"featured_media":4571,"comment_status":"closed","ping_status":"closed","sticky":false,"template":"","format":"standard","meta":{"footnotes":""},"categories":[7],"tags":[16],"class_list":["post-4570","post","type-post","status-publish","format-standard","has-post-thumbnail","hentry","category-informe-sindical","tag-catamarca"],"_links":{"self":[{"href":"http:\/\/argentinamunicipal.com.ar\/argentina\/wp-json\/wp\/v2\/posts\/4570","targetHints":{"allow":["GET"]}}],"collection":[{"href":"http:\/\/argentinamunicipal.com.ar\/argentina\/wp-json\/wp\/v2\/posts"}],"about":[{"href":"http:\/\/argentinamunicipal.com.ar\/argentina\/wp-json\/wp\/v2\/types\/post"}],"author":[{"embeddable":true,"href":"http:\/\/argentinamunicipal.com.ar\/argentina\/wp-json\/wp\/v2\/users\/2"}],"replies":[{"embeddable":true,"href":"http:\/\/argentinamunicipal.com.ar\/argentina\/wp-json\/wp\/v2\/comments?post=4570"}],"version-history":[{"count":0,"href":"http:\/\/argentinamunicipal.com.ar\/argentina\/wp-json\/wp\/v2\/posts\/4570\/revisions"}],"wp:featuredmedia":[{"embeddable":true,"href":"http:\/\/argentinamunicipal.com.ar\/argentina\/wp-json\/wp\/v2\/media\/4571"}],"wp:attachment":[{"href":"http:\/\/argentinamunicipal.com.ar\/argentina\/wp-json\/wp\/v2\/media?parent=4570"}],"wp:term":[{"taxonomy":"category","embeddable":true,"href":"http:\/\/argentinamunicipal.com.ar\/argentina\/wp-json\/wp\/v2\/categories?post=4570"},{"taxonomy":"post_tag","embeddable":true,"href":"http:\/\/argentinamunicipal.com.ar\/argentina\/wp-json\/wp\/v2\/tags?post=4570"}],"curies":[{"name":"wp","href":"https:\/\/api.w.org\/{rel}","templated":true}]}}