{"id":4573,"date":"2014-03-22T08:26:53","date_gmt":"2014-03-22T11:26:53","guid":{"rendered":"http:\/\/argentinamunicipal.com.ar\/argentina\/?p=4573"},"modified":"2014-03-22T08:26:53","modified_gmt":"2014-03-22T11:26:53","slug":"tercera-etapa-de-la-recuperacion-del-casco-historico-de-la-ciudad-de-catamarca","status":"publish","type":"post","link":"http:\/\/argentinamunicipal.com.ar\/argentina\/tercera-etapa-de-la-recuperacion-del-casco-historico-de-la-ciudad-de-catamarca\/","title":{"rendered":"Tercera etapa de la recuperaci\u00f3n del casco hist\u00f3rico de la ciudad de Catamarca"},"content":{"rendered":"<p><a href=\"http:\/\/argentinamunicipal.com.ar\/argentina\/wp-content\/uploads\/2014\/03\/49697.jpg\"><img loading=\"lazy\" decoding=\"async\" class=\"alignleft size-full wp-image-4574\" alt=\"49697\" src=\"http:\/\/argentinamunicipal.com.ar\/argentina\/wp-content\/uploads\/2014\/03\/49697.jpg\" width=\"320\" height=\"180\" srcset=\"http:\/\/argentinamunicipal.com.ar\/argentina\/wp-content\/uploads\/2014\/03\/49697.jpg 320w, http:\/\/argentinamunicipal.com.ar\/argentina\/wp-content\/uploads\/2014\/03\/49697-300x168.jpg 300w\" sizes=\"auto, (max-width: 320px) 100vw, 320px\" \/><\/a>La Municipalidad de San Fernando del Valle de Catamarca comenz\u00f3 con la tercera etapa de la obra de recuperaci\u00f3n y puesta en valor del casco hist\u00f3rico. En este marco personal de la comuna est\u00e1 trabajando en el interior de la plaza 25 de Mayo con el objetivo de poder recuperar la historia y la identidad de los catamarque\u00f1os.<\/p>\n<p>Esta ma\u00f1ana en conferencia de prensa autoridades municipales explicaron los detalles de la tercera etapa y su plan de recupero arb\u00f3reo y forestaci\u00f3n con las especies originarias del espacio. La comuna pretende dejar finalmente inaugurada la obra a principios de julio, luego de m\u00e1s de una a\u00f1o y medio de intenso trabajo de planificaci\u00f3n y de intervenciones que se dividieron en etapas para no obstaculizar el tr\u00e1nsito completo de sus alrededores.<\/p>\n<p>Funcionarios municipales explicaron a la prensa que el proyecto prev\u00e9 volver al dise\u00f1o original, en una combinaci\u00f3n de infraestructura moderna como el alumbrado, y la recuperaci\u00f3n del dise\u00f1o paisaj\u00edstico que se fue mutilando a trav\u00e9s del tiempo y de livianas intervenciones.<\/p>\n<p>Para continuar con el embellecimiento de la plaza y su forestaci\u00f3n, la comuna va a reponer las especies que por estar enfermas o impedir el crecimiento de otras, sea necesario sacar. El dise\u00f1o originario de la plaza incluye naranjos amargos, araucarias, palmeras whashingtonias, pinos, tipas, jacarand\u00e1 y lapachos. Los t\u00e9cnicos explicaron que el recambio de los ejemplares se har\u00e1 acorde esas especies.<\/p>\n<p>El municipio ya plant\u00f3 40 ejemplares alrededor de la plaza principal. Actualmente se est\u00e1 recuperando la superficie forestal original, cuyos jardines no fueron respetados por construcciones posteriores. La plazoleta de la Bandera volver\u00e1 a recuperar su dise\u00f1o de jard\u00edn franc\u00e9s. En tanto que la parte inferior que corresponde en su dise\u00f1o a un jard\u00edn ingl\u00e9s, tambi\u00e9n recuperar\u00e1 su dise\u00f1o primero.<\/p>\n<h3>Una planificaci\u00f3n estudiada<\/h3>\n<p>A partir de un estudio hist\u00f3rico que llev\u00f3 adelante la Municipalidad de la Capital, se determin\u00f3 un punto en la historia que fue el m\u00e1s significativo y emblem\u00e1tico en los comienzos del siglo XX, cuando el arquitecto y paisajista, Carlos Thays realiz\u00f3 algunos bocetos sobre la plaza principal, que es la estructura actual de dos niveles de origen franc\u00e9s en la parte superior e ingl\u00e9s en la parte inferior.<\/p>\n<h6>Fuente: La Uni\u00f3n Digital<\/h6>\n","protected":false},"excerpt":{"rendered":"<p>La Municipalidad de San Fernando del Valle de Catamarca comenz\u00f3 con la tercera etapa de la obra de recuperaci\u00f3n y puesta en valor del casco hist\u00f3rico. En este marco personal de la comuna est\u00e1 trabajando en el interior de la plaza 25 de Mayo con el objetivo de poder recuperar la historia y la identidad<\/p>\n","protected":false},"author":2,"featured_media":4574,"comment_status":"closed","ping_status":"closed","sticky":false,"template":"","format":"standard","meta":{"footnotes":""},"categories":[2],"tags":[16],"class_list":["post-4573","post","type-post","status-publish","format-standard","has-post-thumbnail","hentry","category-informe-municipal","tag-catamarca"],"_links":{"self":[{"href":"http:\/\/argentinamunicipal.com.ar\/argentina\/wp-json\/wp\/v2\/posts\/4573","targetHints":{"allow":["GET"]}}],"collection":[{"href":"http:\/\/argentinamunicipal.com.ar\/argentina\/wp-json\/wp\/v2\/posts"}],"about":[{"href":"http:\/\/argentinamunicipal.com.ar\/argentina\/wp-json\/wp\/v2\/types\/post"}],"author":[{"embeddable":true,"href":"http:\/\/argentinamunicipal.com.ar\/argentina\/wp-json\/wp\/v2\/users\/2"}],"replies":[{"embeddable":true,"href":"http:\/\/argentinamunicipal.com.ar\/argentina\/wp-json\/wp\/v2\/comments?post=4573"}],"version-history":[{"count":0,"href":"http:\/\/argentinamunicipal.com.ar\/argentina\/wp-json\/wp\/v2\/posts\/4573\/revisions"}],"wp:featuredmedia":[{"embeddable":true,"href":"http:\/\/argentinamunicipal.com.ar\/argentina\/wp-json\/wp\/v2\/media\/4574"}],"wp:attachment":[{"href":"http:\/\/argentinamunicipal.com.ar\/argentina\/wp-json\/wp\/v2\/media?parent=4573"}],"wp:term":[{"taxonomy":"category","embeddable":true,"href":"http:\/\/argentinamunicipal.com.ar\/argentina\/wp-json\/wp\/v2\/categories?post=4573"},{"taxonomy":"post_tag","embeddable":true,"href":"http:\/\/argentinamunicipal.com.ar\/argentina\/wp-json\/wp\/v2\/tags?post=4573"}],"curies":[{"name":"wp","href":"https:\/\/api.w.org\/{rel}","templated":true}]}}