{"id":45742,"date":"2016-04-06T08:38:36","date_gmt":"2016-04-06T11:38:36","guid":{"rendered":"http:\/\/argentinamunicipal.com.ar\/argentina\/?p=45742"},"modified":"2016-04-06T20:12:57","modified_gmt":"2016-04-06T23:12:57","slug":"macri-jaqueado-panamagate-evito-tomar-contacto-la-prensa","status":"publish","type":"post","link":"http:\/\/argentinamunicipal.com.ar\/argentina\/macri-jaqueado-panamagate-evito-tomar-contacto-la-prensa\/","title":{"rendered":"Macri jaqueado por \u201cPanam\u00e1gate\u201d evit\u00f3 tomar contacto con la prensa"},"content":{"rendered":"<p>&nbsp;<\/p>\n<p>\u201cDe eso no se habla\u201d. Con esta premisa, el presidente de la Naci\u00f3n, Mauricio Macri, pas\u00f3 por C\u00f3rdoba ayer con una agenda breve, en la que no mantuvo contacto con la prensa y evit\u00f3 as\u00ed referirse al esc\u00e1ndalo \u201cPanam\u00e1 Papers\u201d que lo tiene como principal protagonista dentro del escenario de la pol\u00edtica nacional. De esta manera, el l\u00edder del PRO aprovech\u00f3 que la situaci\u00f3n hab\u00eda quedado en manos del jefe de Gabinete, Marcos Pe\u00f1a; y cumpli\u00f3 con lo que ya estaba estipulado en territorio cordob\u00e9s: anuncio en Fiat y encuentro con los radicales para proclamar a Ram\u00f3n Mestre como presidente del Foro del partido en el pa\u00eds (ver p\u00e1gina 2).<\/p>\n<p>Por la ma\u00f1ana, lo primero que hizo el titular del Ejecutivo nacional fue encabezar un acto en la automotriz de Ferreyra, en el cual tambi\u00e9n estuvieron el gobernador Juan Schiaretti, el propio Mestre y el CEO Internacional de la firma, Sergio Marchionne. All\u00ed, en una empresa en conflicto en las \u00faltimas semanas por las suspensiones de 1.500 operarios a ra\u00edz de la crisis del sector en Brasil y de la incertidumbre de la econom\u00eda nacional, Macri hizo el anuncio de una inversi\u00f3n de 500 millones de d\u00f3lares para la fabricaci\u00f3n de dos nuevos modelos que saldr\u00e1n al mercado a mediados de 2017 y de los cuales se conocieron muy pocos detalles.<\/p>\n<p>Con el c\u00f3nclave que inici\u00f3 pasadas las 10.30, Macri sostuvo ante los operarios: \u201cLos que conducen Fiat ratifican la confianza en ustedes para decir \u2018desde ac\u00e1 vamos a producir algo para el mundo entero\u2019\u201d. Durante su discurso, el Presidente adem\u00e1s insisti\u00f3 con que \u201cnecesitamos volver al mundo y ser parte de la cadena global de producci\u00f3n\u00a0y recrear la confianza del mundo y la confianza en nosotros\u201d\u00a0y repiti\u00f3 -como durante la campa\u00f1a- que el principal objetivo del Gobierno nacional es reducir la pobreza. \u201cPara erradicar la pobreza, hay que lograr trabajo de calidad como el que estamos anunciando hoy (por ayer). Para eso necesitamos volver al mundo, liberar las trabas para importar y para exportar. Por eso llegan estas inversiones, porque desde ac\u00e1 vamos a producir algo para el mundo entero. Van a poner en nuestras manos la mejor tecnolog\u00eda para que los mejores recursos humanos la transformen en los mejores productos\u201d.<\/p>\n<p>Sin embargo, as\u00ed como no hubo referencias a las cuentas offshore, tampoco Macri las hizo con respecto al Impuesto a las Ganancias, proyecto que contin\u00faa postergando su tratamiento en el Congreso y cuesti\u00f3n sobre la que m\u00e1s de uno esperaba un gesto al sector.<\/p>\n<p>Por su parte, en el acto del que tambi\u00e9n form\u00f3 parte el ministro del Interior, Rogelio Frigerio, el gobernador Schiaretti calific\u00f3 como \u201cd\u00eda hist\u00f3rico\u201d el anuncio de la inversi\u00f3n. Y anticip\u00f3 que esto permitir\u00e1 que \u201cesta ciudad, donde naci\u00f3 la industria automotriz de nuestro pa\u00eds, siga siendo un polo de la producci\u00f3n del sector\u201d.<\/p>\n<p>El mandatario provincial anunci\u00f3 adem\u00e1s el apoyo al plan de expansi\u00f3n de la automotriz, mediante la construcci\u00f3n de un nuevo acceso a la planta desde la avenida de Circunvalaci\u00f3n, obra que implicar\u00e1 una inversi\u00f3n de 9 millones de pesos, como as\u00ed tambi\u00e9n de 6 millones de pesos para el entrenamiento del personal de FAC y las autopartistas trabajaran vinculadas al proyecto y se otorgar\u00e1n exenciones impositivas por diez a\u00f1os -impuestos en Ingresos Brutos, Sellos e Inmobiliario- enmarcadas en la Ley de Promoci\u00f3n Industrial provincial. Adem\u00e1s, la Provincia subsidiar\u00e1 el incremento del consumo de la energ\u00eda el\u00e9ctrica que origine el proyecto que se pone en marcha.<\/p>\n<p>Protesta en la puerta<\/p>\n<p>Distintos partidos y agrupaciones se manifestaron en contra de la presencia de Macri, entre ellos el Partido Obrero que se moviliz\u00f3 en la puerta de la f\u00e1brica con el legislador Eduardo Salas al frente. \u201cMacri no s\u00f3lo que no hizo referencia alguna al sector, sino que termin\u00f3 avalando los despidos y las suspensiones. Lo \u00fanico que dijo fue pedirle un esfuerzo a los trabajadores y sabemos lo que viene despu\u00e9s de esto: flexibilizaci\u00f3n laboral\u201d. \u201cAl igual que Schiaretti, quieren que el ajuste lo paguen los trabajadores, mientras que nosotros pedimos un plan de trabajo para que no haya disminuci\u00f3n salarial\u201d.<\/p>\n<p>Por su parte, desde el MST, Luciana Echevarr\u00eda, afirm\u00f3: \u201cMacri invita a la gente a pagar con alegr\u00eda los \u2018impuestazos\u2019 mientras \u00e9l evade impuestos y lava fortunas en Panam\u00e1\u201d.<\/p>\n<h6>Fuente: La Ma\u00f1ana de C\u00f3rdoba<\/h6>\n","protected":false},"excerpt":{"rendered":"<p>Macri visit\u00f3 C\u00f3rdoba y evit\u00f3 referirse al esc\u00e1ndalo \u201cPanam\u00e1 Papers\u201d. Anuncio de plan de inversiones en Fiat junto a Schiaretti y Mestre, quienes con su silencio ratificaron su apoyo al l\u00edder del PRO y silencio por\u00a0las 1.500 suspensiones que tiene prevista la f\u00e1brica<\/p>\n","protected":false},"author":1,"featured_media":45743,"comment_status":"closed","ping_status":"closed","sticky":false,"template":"","format":"standard","meta":{"footnotes":""},"categories":[8],"tags":[21,3],"class_list":["post-45742","post","type-post","status-publish","format-standard","has-post-thumbnail","hentry","category-informe-nacional","tag-argentina","tag-cordoba"],"_links":{"self":[{"href":"http:\/\/argentinamunicipal.com.ar\/argentina\/wp-json\/wp\/v2\/posts\/45742","targetHints":{"allow":["GET"]}}],"collection":[{"href":"http:\/\/argentinamunicipal.com.ar\/argentina\/wp-json\/wp\/v2\/posts"}],"about":[{"href":"http:\/\/argentinamunicipal.com.ar\/argentina\/wp-json\/wp\/v2\/types\/post"}],"author":[{"embeddable":true,"href":"http:\/\/argentinamunicipal.com.ar\/argentina\/wp-json\/wp\/v2\/users\/1"}],"replies":[{"embeddable":true,"href":"http:\/\/argentinamunicipal.com.ar\/argentina\/wp-json\/wp\/v2\/comments?post=45742"}],"version-history":[{"count":0,"href":"http:\/\/argentinamunicipal.com.ar\/argentina\/wp-json\/wp\/v2\/posts\/45742\/revisions"}],"wp:featuredmedia":[{"embeddable":true,"href":"http:\/\/argentinamunicipal.com.ar\/argentina\/wp-json\/wp\/v2\/media\/45743"}],"wp:attachment":[{"href":"http:\/\/argentinamunicipal.com.ar\/argentina\/wp-json\/wp\/v2\/media?parent=45742"}],"wp:term":[{"taxonomy":"category","embeddable":true,"href":"http:\/\/argentinamunicipal.com.ar\/argentina\/wp-json\/wp\/v2\/categories?post=45742"},{"taxonomy":"post_tag","embeddable":true,"href":"http:\/\/argentinamunicipal.com.ar\/argentina\/wp-json\/wp\/v2\/tags?post=45742"}],"curies":[{"name":"wp","href":"https:\/\/api.w.org\/{rel}","templated":true}]}}