{"id":4593,"date":"2014-03-23T08:32:51","date_gmt":"2014-03-23T11:32:51","guid":{"rendered":"http:\/\/argentinamunicipal.com.ar\/argentina\/?p=4593"},"modified":"2014-03-22T20:33:31","modified_gmt":"2014-03-22T23:33:31","slug":"festram-ente-rios-ya-tiene-su-candidato-para-el-directorio-del-iosper","status":"publish","type":"post","link":"http:\/\/argentinamunicipal.com.ar\/argentina\/festram-ente-rios-ya-tiene-su-candidato-para-el-directorio-del-iosper\/","title":{"rendered":"FESTRAM Ente R\u00edos ya tiene su candidato para el Directorio del IOSPER"},"content":{"rendered":"<p><a href=\"http:\/\/argentinamunicipal.com.ar\/argentina\/wp-content\/uploads\/2014\/03\/Gomez.jpg\"><img loading=\"lazy\" decoding=\"async\" class=\"alignleft size-full wp-image-4594\" alt=\"Gomez\" src=\"http:\/\/argentinamunicipal.com.ar\/argentina\/wp-content\/uploads\/2014\/03\/Gomez.jpg\" width=\"190\" height=\"160\" \/><\/a>Adri\u00e1n G\u00f3mez fue elegido este viernes candidato a director titular del Iosper por el agrupamiento municipal \u2022 Su nombre recibi\u00f3 el apoyo de los gremios nucleados en la Federaci\u00f3n Entrerriana de Sindicatos de Trabajadores Municipales (Festram) . G\u00f3mez ya fue director de la obra social e incluso tambi\u00e9n se desempe\u00f1\u00f3 como gerente prestacional<\/p>\n<p>La organizaci\u00f3n conducida por Juan Carlos Almada tuvo en cuenta para la elecci\u00f3n de G\u00f3mez \u201cla trayectoria, experiencia y capacidad del dirigente de Basavilbaso\u201d, a la vez que destac\u00f3 su \u201cconducta gremial en favor de la organizaci\u00f3n gremial municipal y su lealtad permanente puesta al servicio de los trabajadores\u201d.<\/p>\n<p>\u201cSu labor y su lealtad est\u00e1 m\u00e1s que demostrada durante estos 25 a\u00f1os en los que ha recorrido los caminos de la provincia, siempre apoyando e intentando encontrar las mejores soluciones para los compa\u00f1eros\u201d, destac\u00f3 Almada, quien agreg\u00f3 que G\u00f3mez actualmente \u201ces uno de los principales protagonistas en el proyecto de Convenios Colectivos para los Municipales que promueve\u201d la Federaci\u00f3n.<\/p>\n<p>La candidatura de Adri\u00e1n G\u00f3mez ser\u00e1 acompa\u00f1ada por el municipal paranaense Jorge Brocado, \u201ccon amplio reconocimiento por sus compa\u00f1eros municipales y la funci\u00f3n que desarrolla en la ciudad de Paran\u00e1\u201d, se indic\u00f3 en un comunicado enviado a esta Agencia.<\/p>\n<p>En tanto, G\u00f3mez expres\u00f3: \u201cEs un honor que, luego de haber desarrollado funciones representativas, los compa\u00f1eros me elijan nuevamente, m\u00e1s aun cuando resaltan los valores por los cuales se deposita esa confianza\u201d.<\/p>\n<p>\u201cTuve y tengo permanentemente claro que, cuando uno llega, no puede olvidarse de quienes promovieron y apoyaron con su trabajo y su voto las candidaturas. As\u00ed ha sido siempre mi conducta y no voy a cambiar a esta altura\u201d, destac\u00f3.<\/p>\n<h6>Fuente: APFDigital<\/h6>\n","protected":false},"excerpt":{"rendered":"<p>Adri\u00e1n G\u00f3mez fue elegido este viernes candidato a director titular del Iosper por el agrupamiento municipal \u2022 Su nombre recibi\u00f3 el apoyo de los gremios nucleados en la Federaci\u00f3n Entrerriana de Sindicatos de Trabajadores Municipales (Festram) . G\u00f3mez ya fue director de la obra social e incluso tambi\u00e9n se desempe\u00f1\u00f3 como gerente prestacional La organizaci\u00f3n<\/p>\n","protected":false},"author":2,"featured_media":4594,"comment_status":"closed","ping_status":"closed","sticky":false,"template":"","format":"standard","meta":{"footnotes":""},"categories":[7],"tags":[17],"class_list":["post-4593","post","type-post","status-publish","format-standard","has-post-thumbnail","hentry","category-informe-sindical","tag-entre-rios"],"_links":{"self":[{"href":"http:\/\/argentinamunicipal.com.ar\/argentina\/wp-json\/wp\/v2\/posts\/4593","targetHints":{"allow":["GET"]}}],"collection":[{"href":"http:\/\/argentinamunicipal.com.ar\/argentina\/wp-json\/wp\/v2\/posts"}],"about":[{"href":"http:\/\/argentinamunicipal.com.ar\/argentina\/wp-json\/wp\/v2\/types\/post"}],"author":[{"embeddable":true,"href":"http:\/\/argentinamunicipal.com.ar\/argentina\/wp-json\/wp\/v2\/users\/2"}],"replies":[{"embeddable":true,"href":"http:\/\/argentinamunicipal.com.ar\/argentina\/wp-json\/wp\/v2\/comments?post=4593"}],"version-history":[{"count":0,"href":"http:\/\/argentinamunicipal.com.ar\/argentina\/wp-json\/wp\/v2\/posts\/4593\/revisions"}],"wp:featuredmedia":[{"embeddable":true,"href":"http:\/\/argentinamunicipal.com.ar\/argentina\/wp-json\/wp\/v2\/media\/4594"}],"wp:attachment":[{"href":"http:\/\/argentinamunicipal.com.ar\/argentina\/wp-json\/wp\/v2\/media?parent=4593"}],"wp:term":[{"taxonomy":"category","embeddable":true,"href":"http:\/\/argentinamunicipal.com.ar\/argentina\/wp-json\/wp\/v2\/categories?post=4593"},{"taxonomy":"post_tag","embeddable":true,"href":"http:\/\/argentinamunicipal.com.ar\/argentina\/wp-json\/wp\/v2\/tags?post=4593"}],"curies":[{"name":"wp","href":"https:\/\/api.w.org\/{rel}","templated":true}]}}