{"id":4599,"date":"2014-03-22T09:43:48","date_gmt":"2014-03-22T12:43:48","guid":{"rendered":"http:\/\/argentinamunicipal.com.ar\/argentina\/?p=4599"},"modified":"2014-03-31T09:16:09","modified_gmt":"2014-03-31T12:16:09","slug":"el-22-de-marzo-se-conmemora-el-dia-mundial-del-agua","status":"publish","type":"post","link":"http:\/\/argentinamunicipal.com.ar\/argentina\/el-22-de-marzo-se-conmemora-el-dia-mundial-del-agua\/","title":{"rendered":"El 22 de marzo se conmemora el D\u00eda Mundial del Agua"},"content":{"rendered":"<p><a href=\"http:\/\/argentinamunicipal.com.ar\/argentina\/wp-content\/uploads\/2014\/03\/foto-423.jpg\"><img loading=\"lazy\" decoding=\"async\" class=\"aligncenter size-full wp-image-4600\" alt=\"OLYMPUS DIGITAL CAMERA\" src=\"http:\/\/argentinamunicipal.com.ar\/argentina\/wp-content\/uploads\/2014\/03\/foto-423.jpg\" width=\"1024\" height=\"768\" srcset=\"http:\/\/argentinamunicipal.com.ar\/argentina\/wp-content\/uploads\/2014\/03\/foto-423.jpg 1024w, http:\/\/argentinamunicipal.com.ar\/argentina\/wp-content\/uploads\/2014\/03\/foto-423-300x225.jpg 300w\" sizes=\"auto, (max-width: 1024px) 100vw, 1024px\" \/><\/a><\/p>\n<p>Entre R\u00edos, tierra de aguas<\/p>\n<p>El 22 de marzo se conmemora el D\u00eda Mundial del Agua. Se trata de una efem\u00e9ride insoslayable para la provincia de Entre R\u00edos, en cuyo subsuelo se aloja parte de uno de los m\u00e1s importantes reservorios de agua subterr\u00e1nea del mundo: el acu\u00edfero Guaran\u00ed, adem\u00e1s de contener una de las m\u00e1s vastas redes hidrogr\u00e1ficas superficiales, el curso inferior del r\u00edo Paran\u00e1 y sus r\u00edos y arroyos tributarios (entre los que se destaca el r\u00edo Gualeguay y sus afluentes, que surcan el centro de la provincia de norte a sur) y el r\u00edo Uruguay, dos de los m\u00e1s importantes cursos fluviales de la Cuenca del Plata.<\/p>\n<p>Trat\u00e1ndose de uno de los acu\u00edferos m\u00e1s grandes del mundo, el Guaran\u00ed se extiende desde el Pantanal Matogrossense hasta el l\u00edmite norte de la regi\u00f3n Pampeana en la Argentina, pasando por las rep\u00fablicas del Paraguay y Uruguay. En un marco de escasez y desigual distribuci\u00f3n del recurso, esto no es poca cosa: el acu\u00edfero abarca una superficie de 1.190.000 kil\u00f3metros cuadrados, la cual incluye la casi totalidad del territorio entrerriano. El volumen total de agua potable all\u00ed almacenada alcanza los 37.000 kil\u00f3metros c\u00fabicos; esto es, 37.000 billones de litros (37.000.000.000.000.000 litros), un volumen capaz de abastecer la demanda de gran parte del planeta, si se toma como patr\u00f3n que cada ser humano necesita 80 litros por d\u00eda para satisfacer las necesidades de consumo, cultivo, preparaci\u00f3n de alimentos, higiene y saneamiento.<\/p>\n<p>La disponibilidad del agua constituye una cuesti\u00f3n clave para la regi\u00f3n, tanto como lo es la tenencia de otros recursos naturales (como el petr\u00f3leo, el gas, el litio), considerados estrat\u00e9gicos no s\u00f3lo por su naturaleza material sino por su valorizaci\u00f3n en t\u00e9rminos pol\u00edticos, econ\u00f3micos y geopol\u00edticos. Adem\u00e1s de ser un recurso escaso (la FAO prev\u00e9 la posibilidad de un \u201cestr\u00e9s h\u00eddrico\u201d que podr\u00eda afectar a dos tercios de la poblaci\u00f3n mundial en el a\u00f1o 2025), el agua est\u00e1 irregularmente distribuida en el planeta: la falta de agua no s\u00f3lo castiga a los pobres de la India, Jordania o Etiop\u00eda sino a las regiones y sectores sociales m\u00e1s poderosos. La Uni\u00f3n Europea, por ejemplo, admiti\u00f3 haber perdido miles de millones de euros a comienzos de los a\u00f1os 2000 por cosechas malogradas y la reducci\u00f3n en el caudal de las hidrov\u00edas del Rin, Danubio y Elba (el transporte m\u00e1s econ\u00f3mico para sus productos agr\u00edcolas) como consecuencia de las sequ\u00edas que afectaron entonces a esas latitudes.<\/p>\n<p>Un aspecto que le agrega un dramatismo in\u00e9dito al tema del agua es el cambio clim\u00e1tico, de caracter\u00edsticas globales y consecuencias por el momento impredecibles en toda su magnitud. A los efectos de ilustrar la vinculaci\u00f3n de este fen\u00f3meno con el tema del recurso agua, en el sentido que se ven\u00eda esbozando, cabe mencionar que el diario brit\u00e1nico The Guardian public\u00f3 el domingo 22 de febrero de 2004 un art\u00edculo titulado \u201cEl Pent\u00e1gono le dice a Bush: el cambio clim\u00e1tico nos destruir\u00e1\u201d. All\u00ed se hicieron p\u00fablicos extractos de un informe secreto producido por el Pent\u00e1gono en el que se se\u00f1alaba que los efectos del cambio clim\u00e1tico durante los pr\u00f3ximos 20 a\u00f1os podr\u00edan devenir en una cat\u00e1strofe global, con millones de muertes producidas como consecuencia de escaladas b\u00e9licas y desastres naturales. El mismo predice que el planeta entero bordear\u00e1 la anarqu\u00eda a medida que aumenten los gastos militares y el club nuclear, como consecuencia de la necesidad de los Estados de asegurar sus fuentes de provisi\u00f3n alimentaria, h\u00eddrica y energ\u00e9tica. Si bien el an\u00e1lisis del documento carece de verosimilitud y rigor cient\u00edfico, vale la pena mencionarlo, ya que el hecho en s\u00ed est\u00e1 revelando la importancia geopol\u00edtica que cobra el tema del agua para un futuro no muy lejano.<\/p>\n<p>Trat\u00e1ndose de un recurso escaso, indispensable para la vida, y factor clave para la producci\u00f3n (el 90% de la demanda total corresponde a la industria y la agricultura) y la generaci\u00f3n de energ\u00eda, se plantea pues la necesidad de tomar una conciencia cierta en torno de este recurso esencial para el desarrollo, cuya disponibilidad (tanto en cantidad como calidad) debe ser garantizada para las futuras generaciones. Y me estoy refiriendo a las generaciones por venir de latinoamericanos y aun de la humanidad, no s\u00f3lo a las de argentinos y entrerrianos.<\/p>\n<p>Fuente: El Diario, Entre R\u00edos<\/p>\n","protected":false},"excerpt":{"rendered":"<p>Entre R\u00edos, tierra de aguas El 22 de marzo se conmemora el D\u00eda Mundial del Agua. Se trata de una efem\u00e9ride insoslayable para la provincia de Entre R\u00edos, en cuyo subsuelo se aloja parte de uno de los m\u00e1s importantes reservorios de agua subterr\u00e1nea del mundo: el acu\u00edfero Guaran\u00ed, adem\u00e1s de contener una de las<\/p>\n","protected":false},"author":2,"featured_media":4600,"comment_status":"closed","ping_status":"closed","sticky":false,"template":"","format":"standard","meta":{"footnotes":""},"categories":[22],"tags":[17],"class_list":["post-4599","post","type-post","status-publish","format-standard","has-post-thumbnail","hentry","category-el-mundo","tag-entre-rios"],"_links":{"self":[{"href":"http:\/\/argentinamunicipal.com.ar\/argentina\/wp-json\/wp\/v2\/posts\/4599","targetHints":{"allow":["GET"]}}],"collection":[{"href":"http:\/\/argentinamunicipal.com.ar\/argentina\/wp-json\/wp\/v2\/posts"}],"about":[{"href":"http:\/\/argentinamunicipal.com.ar\/argentina\/wp-json\/wp\/v2\/types\/post"}],"author":[{"embeddable":true,"href":"http:\/\/argentinamunicipal.com.ar\/argentina\/wp-json\/wp\/v2\/users\/2"}],"replies":[{"embeddable":true,"href":"http:\/\/argentinamunicipal.com.ar\/argentina\/wp-json\/wp\/v2\/comments?post=4599"}],"version-history":[{"count":0,"href":"http:\/\/argentinamunicipal.com.ar\/argentina\/wp-json\/wp\/v2\/posts\/4599\/revisions"}],"wp:featuredmedia":[{"embeddable":true,"href":"http:\/\/argentinamunicipal.com.ar\/argentina\/wp-json\/wp\/v2\/media\/4600"}],"wp:attachment":[{"href":"http:\/\/argentinamunicipal.com.ar\/argentina\/wp-json\/wp\/v2\/media?parent=4599"}],"wp:term":[{"taxonomy":"category","embeddable":true,"href":"http:\/\/argentinamunicipal.com.ar\/argentina\/wp-json\/wp\/v2\/categories?post=4599"},{"taxonomy":"post_tag","embeddable":true,"href":"http:\/\/argentinamunicipal.com.ar\/argentina\/wp-json\/wp\/v2\/tags?post=4599"}],"curies":[{"name":"wp","href":"https:\/\/api.w.org\/{rel}","templated":true}]}}