{"id":46044,"date":"2016-04-09T09:01:13","date_gmt":"2016-04-09T12:01:13","guid":{"rendered":"http:\/\/argentinamunicipal.com.ar\/argentina\/?p=46044"},"modified":"2016-04-09T09:01:13","modified_gmt":"2016-04-09T12:01:13","slug":"firmat-masiva-movida-defensa-la-produccion-empleo","status":"publish","type":"post","link":"http:\/\/argentinamunicipal.com.ar\/argentina\/firmat-masiva-movida-defensa-la-produccion-empleo\/","title":{"rendered":"Firmat: masiva movida en defensa de la producci\u00f3n y el empleo"},"content":{"rendered":"<p><span style=\"line-height: 1.5\">\u00a0<\/span><\/p>\n<p>Las inclemencias del tiempo no fueron impedimento para que ayer la comunidad de Firmat se movilizara en defensa de la producci\u00f3n y el empleo ante la cr\u00edtica situaci\u00f3n del sector industrial que ya deriv\u00f3 en conflictos laborales y despidos. La llovizna que cay\u00f3 sobre esta localidad s\u00f3lo oblig\u00f3 a cambiar el lugar de concentraci\u00f3n fijado inicialmente en el arco de ingreso a la ciudad por el Galp\u00f3n del Pueblo, donde una multitud expres\u00f3 la preocupaci\u00f3n social por la cr\u00edtica coyuntura que pone riesgo a centenares de empleos.<\/p>\n<p>M\u00e1s de un millar de manifestantes entre trabajadores, representantes de instituciones y de organizaciones pol\u00edticas y gremiales, empresarios, autoridades, legisladores y vecinos demostr\u00f3 el esp\u00edritu de \u00abunidad\u00bb que tuvo como bandera la convocatoria lanzada por la Intersindical local.<\/p>\n<p>Y si algo faltaba para reforzar el concepto fue suficiente con el mensaje de dos obreros metal\u00fargicos que al ser invitados al escenario para aportar una mirada desde su experiencia de lucha instaron a la necesidad de \u00abseguir unidos todos los sectores de la comunidad para salir adelante\u00bb.<\/p>\n<p>Ambos se convirtieron inesperadamente en los \u00fanicos oradores del acto, que incluy\u00f3 la lectura de un documento elaborado por la Intersindical y que fue entregado a las autoridades presentes y entre las cuales se encontraba el Ministro de Producci\u00f3n de la provincia, Luis Contigiani, quien desembarc\u00f3 en Firmat para anunciar un fondo rotativo de 8 millones de pesos destinado a Pymes locales en problemas.<\/p>\n<p><strong>Cr\u00edticas.<\/strong> Si bien durante el acto qued\u00f3 reflejada la intranquilidad que representa para la ciudad las dificultades por la que atraviesan fundamentalmente f\u00e1bricas de la maquinaria agr\u00edcola, sorprendi\u00f3 que el comunicado, m\u00e1s all\u00e1 de reclamar medidas y resaltar el valor del trabajo, no tuviera, como muchos esperaban, fuertes cr\u00edticas a las pol\u00edticas del gobierno nacional. Sin embargo la mesurada postura pareci\u00f3 ser s\u00f3lo de protocolo, ya que abundaron los cuestionamientos. \u00abEstamos aqu\u00ed para ayudar y advertir que este no es el camino\u00bb dijo Contigiani en obvia alusi\u00f3n al gobierno nacional. Y tras recordar que la provincia impuls\u00f3 distintas reuniones con la Naci\u00f3n, \u00abhasta ahora lo \u00fanico que vemos es un aumento de costo de producci\u00f3n, especialmente por cuadro tarifario energ\u00e9tico\u00bb.<\/p>\n<p>Fondo rotatorio. Tras la concentraci\u00f3n el funcionario fue junto al intendente, Leonel Maximino, al Centro Econ\u00f3mico local para anunciar la instrumentaci\u00f3n del fondo rotatorio de asistencia de 8 millones de pesos a las pymes con problemas que administrar\u00e1 el municipio.<\/p>\n<p>La operatoria posibilitar\u00e1 a las firmas acceder a pr\u00e9stamos, que tendr\u00e1n un tope de 500 mil pesos, con un a\u00f1o de gracia y seis cuotas semestrales para su devoluci\u00f3n. Contigiani indic\u00f3 que una vez evaluado el impacto de la medida \u00abveremos nuevas intervenciones\u00bb.<\/p>\n<p>A su turno Maximinio indic\u00f3 que continuar\u00e1 haciendo gestiones ante la Naci\u00f3n con la expectativa de \u00abtener alguna respuesta en base al punta pie inicial que dio la provincia y valoramos\u00bb.<\/p>\n<p>En representaci\u00f3n de la Intersindical el secretario del gremio municipal de Firmat, Enzo Ju\u00e1rez, calific\u00f3 como \u00abmuy positiva\u00bb la movida, que cont\u00f3 con la presencia la senadora nacional por Santa Fe y vecina de Firmat Mar\u00eda de los Angeles Sacn\u00fan, del tambi\u00e9n firmatense diputado provincial Gabriel Real y de reconocidos dirigentes sindicales a nivel provincial y nacional como el secretario general de una de las corrientes de la Central de los Trabajadores de la Argentina, Hugo Yasky, y la titular de Amsafe, Sonia Alesso.<\/p>\n<p><strong>Delicada situaci\u00f3n.<\/strong> La delicada situaci\u00f3n que se vive en Firmat tuvo como principal saldo el cierre del establecimiento Meyde, que dej\u00f3 sin empleo a m\u00e1s de una veintena de trabajadores, y la a\u00fan intranquilizante situaci\u00f3n financiera en la empresa de cosechadoras Vassalli Fabril que emplea a unos 600 obreros. A ello se sum\u00f3 un largo conflicto por reclamos salariales que finalmente se destrab\u00f3 en la f\u00e1brica de implementos agr\u00edcolas Alcal, lo que a\u00fan no ocurri\u00f3 en la f\u00e1brica de silos Dasa cuyos operarios siguen de huelga. Asimismo genera intranquilidad la decisi\u00f3n de la empresa Nestl\u00e9 en suspender y bajar el sueldo de por lo menos 30 operarios de la planta que tiene en esta ciudad.<\/p>\n<h6>Fuente: La Capital de Rosario<\/h6>\n","protected":false},"excerpt":{"rendered":"<p>M\u00e1s de un millar de personas se convoc\u00f3 ante la cr\u00edtica situaci\u00f3n. La provincia anunci\u00f3 un fondo rotativo para las pymes locales.<\/p>\n","protected":false},"author":1,"featured_media":46045,"comment_status":"closed","ping_status":"closed","sticky":false,"template":"","format":"standard","meta":{"footnotes":""},"categories":[5,8],"tags":[21,10],"class_list":["post-46044","post","type-post","status-publish","format-standard","has-post-thumbnail","hentry","category-informe-economico","category-informe-nacional","tag-argentina","tag-santa-fe"],"_links":{"self":[{"href":"http:\/\/argentinamunicipal.com.ar\/argentina\/wp-json\/wp\/v2\/posts\/46044","targetHints":{"allow":["GET"]}}],"collection":[{"href":"http:\/\/argentinamunicipal.com.ar\/argentina\/wp-json\/wp\/v2\/posts"}],"about":[{"href":"http:\/\/argentinamunicipal.com.ar\/argentina\/wp-json\/wp\/v2\/types\/post"}],"author":[{"embeddable":true,"href":"http:\/\/argentinamunicipal.com.ar\/argentina\/wp-json\/wp\/v2\/users\/1"}],"replies":[{"embeddable":true,"href":"http:\/\/argentinamunicipal.com.ar\/argentina\/wp-json\/wp\/v2\/comments?post=46044"}],"version-history":[{"count":0,"href":"http:\/\/argentinamunicipal.com.ar\/argentina\/wp-json\/wp\/v2\/posts\/46044\/revisions"}],"wp:featuredmedia":[{"embeddable":true,"href":"http:\/\/argentinamunicipal.com.ar\/argentina\/wp-json\/wp\/v2\/media\/46045"}],"wp:attachment":[{"href":"http:\/\/argentinamunicipal.com.ar\/argentina\/wp-json\/wp\/v2\/media?parent=46044"}],"wp:term":[{"taxonomy":"category","embeddable":true,"href":"http:\/\/argentinamunicipal.com.ar\/argentina\/wp-json\/wp\/v2\/categories?post=46044"},{"taxonomy":"post_tag","embeddable":true,"href":"http:\/\/argentinamunicipal.com.ar\/argentina\/wp-json\/wp\/v2\/tags?post=46044"}],"curies":[{"name":"wp","href":"https:\/\/api.w.org\/{rel}","templated":true}]}}