{"id":46173,"date":"2016-04-11T07:06:04","date_gmt":"2016-04-11T10:06:04","guid":{"rendered":"http:\/\/argentinamunicipal.com.ar\/argentina\/?p=46173"},"modified":"2016-04-11T07:06:04","modified_gmt":"2016-04-11T10:06:04","slug":"reavivan-viejo-proyecto-macri-convertir-buenos-aires-paraiso-fiscal","status":"publish","type":"post","link":"http:\/\/argentinamunicipal.com.ar\/argentina\/reavivan-viejo-proyecto-macri-convertir-buenos-aires-paraiso-fiscal\/","title":{"rendered":"Reavivan el viejo proyecto de Macri de convertir a Buenos Aires en un para\u00edso fiscal"},"content":{"rendered":"<p>El proyecto estaba parado por una cautelar presentada por Gils Garb\u00f3 que imped\u00eda la creaci\u00f3n de una \u201cIGJ porte\u00f1a\u201d El organismo iba permitir el registro y la creaci\u00f3n de sociedades y empresas \u201cfantasmas\u201d en CABA. En febrero una jueza fall\u00f3 para suspender la cautelar.<\/p>\n<p>Apenas unos d\u00edas despu\u00e9s de que estallar\u00e1 el esc\u00e1ndalo que revelar\u00e1 las firmas del presidente en para\u00edsos fiscales en el exterior, transcendi\u00f3 a la prensa que en el a\u00f1o 2008 el entonces Jefe de Gobierno, Mauricio Macri, quiso convertir a la Ciudad de Buenos Aires en un para\u00edso fiscal.<\/p>\n<p>El proyecto fue frenado en su momento por Alejandra Gils Carb\u00f3, en ese momento Fiscal General ante la C\u00e1mara Nacional de Apelaciones en lo Comercial. La presentaci\u00f3n judicial de Gils Carb\u00f3 dictaminaba sobre la inconstitucionalidad en el traspaso de las competencias de la Inspecci\u00f3n General de Justicia (IGJ) al gobierno de la Ciudad de Buenos Aires.<\/p>\n<p>Macri intent\u00f3 crear bajo la ley 2.875, sancionada en la legislatura porte\u00f1a en el a\u00f1o 2008, un organismo para fomentar la creaci\u00f3n de sociedades extranjeras y cuentas off shore. El organismo iba a funcionar como un \u201cRegistro P\u00fablico de Comercio y contralor de Personas Jur\u00eddicas.\u201d<\/p>\n<p>La presentaci\u00f3n judicial impulsada por Gils Carb\u00f3 en febrero del 2009 se\u00f1alaba sobre el peligro del \u201ccrecimiento exponencial de la econom\u00eda ileg\u00edtima a trav\u00e9s de para\u00edsos fiscales y de la utilizaci\u00f3n de sociedades offshore para defraudar al fisco y los derechos de terceros.\u201d<\/p>\n<p>Al mismo tiempo que cuestionaba el proyecto de Macri en relaci\u00f3n al rol de \u201clos entes constituidos en para\u00edsos fiscales \u2013en tanto son veh\u00edculos aptos para el encubrimiento de actividades delictivas y el fraude a toda clase de leyes imperativas\u201d.<\/p>\n<p>A fines de febrero de este a\u00f1o, apenas unos meses despu\u00e9s de que Macri asumiera como presidente, la jueza Macarena Marra Gim\u00e9nez de Juzgado Contencioso Administrativo Federal 12 suspendi\u00f3 la cautelar y reactivo el viejo proyecto macrista de convertir a la ciudad en un para\u00edso fiscal.<\/p>\n<p><strong>\u00bfAtar de pies y manos a los que investigan al presidente?<\/strong><\/p>\n<p>La informaci\u00f3n transcendi\u00f3 a la prensa en el medio de una embestida por parte del macrismo a la Procuraci\u00f3n General de la Naci\u00f3n. El Poder Ejecutivo envi\u00f3 al Congreso un paquete de leyes que propone anular gran parte de las facultades de Gils Carb\u00f3 y convertirla en una mera figura decorativa para preservar al presidente de las investigaciones de la Justicia.<\/p>\n<p>De aprobarse la reforma judicial en el Congreso, el macrismo impondr\u00eda Sub-procuradores bajo los cuales se subordinar\u00eda las actuales procuradur\u00edas especializadas creadas en la actual gesti\u00f3n del MPF (Ministerio P\u00fablico Fiscal), como la Procelac. Esa Procuradur\u00eda tiene como objetivo investigar delitos tributarios, contrabando, lavado de activos y fraudes bancarios o econ\u00f3micos.<\/p>\n<p>El momento no podr\u00eda ser m\u00e1s delicado para ser presentado este paquete de leyes en el Congreso. Se superpone con la investigaci\u00f3n que lleva el fiscal federal Federico Delgado que investiga si el presidente \u201comiti\u00f3 maliciosamente completar su declaraci\u00f3n jurada\u00bb respecto a su vinculaci\u00f3n a las empresas \u201cfantasmas\u201d Fleg Trading LTD y Kagemusha S.A<\/p>\n<h6>Fuente: La Ma\u00f1ana de C\u00f3rdoba<\/h6>\n","protected":false},"excerpt":{"rendered":"<p>El proyecto estaba parado por una cautelar presentada por Gils Garb\u00f3 que imped\u00eda la creaci\u00f3n de una \u201cIGJ porte\u00f1a\u201d El organismo iba permitir el registro y la creaci\u00f3n de sociedades y empresas \u201cfantasmas\u201d en CABA. En febrero una jueza fall\u00f3 para suspender la cautelar.<\/p>\n","protected":false},"author":2,"featured_media":46174,"comment_status":"closed","ping_status":"closed","sticky":false,"template":"","format":"standard","meta":{"footnotes":""},"categories":[8],"tags":[12],"class_list":["post-46173","post","type-post","status-publish","format-standard","has-post-thumbnail","hentry","category-informe-nacional","tag-buenos-aires"],"_links":{"self":[{"href":"http:\/\/argentinamunicipal.com.ar\/argentina\/wp-json\/wp\/v2\/posts\/46173","targetHints":{"allow":["GET"]}}],"collection":[{"href":"http:\/\/argentinamunicipal.com.ar\/argentina\/wp-json\/wp\/v2\/posts"}],"about":[{"href":"http:\/\/argentinamunicipal.com.ar\/argentina\/wp-json\/wp\/v2\/types\/post"}],"author":[{"embeddable":true,"href":"http:\/\/argentinamunicipal.com.ar\/argentina\/wp-json\/wp\/v2\/users\/2"}],"replies":[{"embeddable":true,"href":"http:\/\/argentinamunicipal.com.ar\/argentina\/wp-json\/wp\/v2\/comments?post=46173"}],"version-history":[{"count":0,"href":"http:\/\/argentinamunicipal.com.ar\/argentina\/wp-json\/wp\/v2\/posts\/46173\/revisions"}],"wp:featuredmedia":[{"embeddable":true,"href":"http:\/\/argentinamunicipal.com.ar\/argentina\/wp-json\/wp\/v2\/media\/46174"}],"wp:attachment":[{"href":"http:\/\/argentinamunicipal.com.ar\/argentina\/wp-json\/wp\/v2\/media?parent=46173"}],"wp:term":[{"taxonomy":"category","embeddable":true,"href":"http:\/\/argentinamunicipal.com.ar\/argentina\/wp-json\/wp\/v2\/categories?post=46173"},{"taxonomy":"post_tag","embeddable":true,"href":"http:\/\/argentinamunicipal.com.ar\/argentina\/wp-json\/wp\/v2\/tags?post=46173"}],"curies":[{"name":"wp","href":"https:\/\/api.w.org\/{rel}","templated":true}]}}