{"id":46191,"date":"2016-04-11T07:43:36","date_gmt":"2016-04-11T10:43:36","guid":{"rendered":"http:\/\/argentinamunicipal.com.ar\/argentina\/?p=46191"},"modified":"2016-04-11T07:43:36","modified_gmt":"2016-04-11T10:43:36","slug":"46191-2","status":"publish","type":"post","link":"http:\/\/argentinamunicipal.com.ar\/argentina\/46191-2\/","title":{"rendered":"Comenz\u00f3 en Guatemala el Foro de ONU sobre cuestiones ind\u00edgenas"},"content":{"rendered":"<p>Una ceremonia maya abri\u00f3 este domingo en Guatemala una semana de deliberaciones del Foro Permanente para las Cuestiones Ind\u00edgenas de la ONU que abordar\u00e1 los problemas de los pueblos aut\u00f3ctonos en el mundo.<\/p>\n<p><span style=\"line-height: 1.5\">Rodeando el fuego sagrado, atizado con resinas de \u00e1rboles, velas de colores y adornado con flores, los representante de la instancia de la ONU abrieron en la Academia de Lenguas Mayas, en la periferia sur de la capital, la reuni\u00f3n preparatoria para el 15\u00ba Per\u00edodo de Sesiones del Foro Permanente que se desarrollar\u00e1 en mayo en Nueva York.<\/span><\/p>\n<p>El l\u00edder ind\u00edgena guatemalteco \u00c1lvaro Pop, vicepresidente del Foro, dijo a la AFP que uno de los temas centrales de la discusi\u00f3n ser\u00e1n las resoluciones y acuerdos de paz que se han pactado con pueblos ind\u00edgenas, aunque tambi\u00e9n se abordar\u00e1n lasa amenazas que padecen las comunidades originarias.<\/p>\n<p>\u00abLos pueblos ind\u00edgenas han sufrido muchas amenazas durante todos estos a\u00f1os desde el fen\u00f3meno de la colonizaci\u00f3n hasta la fecha. En la actualidad uno de los temas de primer orden es una serie de inquietudes alrededor de la explotaci\u00f3n de los recursos naturales y que afectan a los pueblos ind\u00edgenas\u00bb, se\u00f1al\u00f3 Pop.<\/p>\n<p><span style=\"line-height: 1.5\">En el caso de Guatemala, el experto precis\u00f3 que han recibido denuncias de persecuci\u00f3n contra los dirigentes ind\u00edgenas por la defensa de territorios que ha terminado con el encarcelamiento de l\u00edderes.<\/span><\/p>\n<p>\u00abQue este espacio se realice en Guatemala es una enorme oportunidad para promover el di\u00e1logo para la plena inclusi\u00f3n de los pueblos ind\u00edgenas en Guatemala\u00bb, detall\u00f3 por su lado durante la ceremonia maya la salvadore\u00f1a Ver\u00f3nica Sim\u00e1n, coordinadora residente de las Naciones Unidad en este pa\u00eds centroamericano.<\/p>\n<p>Pop agreg\u00f3 que otra de las preocupaciones mundiales es la desaparici\u00f3n de los idiomas nativos, el acceso a la salud y el poco reconocimiento de la justicia de los pueblos ind\u00edgenas, entre otros problemas.<\/p>\n<p>El Foro Permanente est\u00e1 integrado por 16 expertos independientes para un periodo de tres a\u00f1os y es asesor del Consejo Econ\u00f3mico y Social de la ONU.<\/p>\n<p>Su mandato es examinar los desaf\u00edos para las comunidades ind\u00edgenas en materia de desarrollo econ\u00f3mico y social, educaci\u00f3n, salud, medio ambiente y derechos humanos.<\/p>\n<h6>Fuente: Tucum\u00e1n Hoy<\/h6>\n","protected":false},"excerpt":{"rendered":"<p>Una ceremonia maya abri\u00f3 este domingo en Guatemala una semana de deliberaciones del Foro Permanente para las Cuestiones Ind\u00edgenas de la ONU que abordar\u00e1 los problemas de los pueblos aut\u00f3ctonos en el mundo.<\/p>\n","protected":false},"author":2,"featured_media":46192,"comment_status":"closed","ping_status":"closed","sticky":false,"template":"","format":"standard","meta":{"footnotes":""},"categories":[22],"tags":[57],"class_list":["post-46191","post","type-post","status-publish","format-standard","has-post-thumbnail","hentry","category-el-mundo","tag-el-mundo"],"_links":{"self":[{"href":"http:\/\/argentinamunicipal.com.ar\/argentina\/wp-json\/wp\/v2\/posts\/46191","targetHints":{"allow":["GET"]}}],"collection":[{"href":"http:\/\/argentinamunicipal.com.ar\/argentina\/wp-json\/wp\/v2\/posts"}],"about":[{"href":"http:\/\/argentinamunicipal.com.ar\/argentina\/wp-json\/wp\/v2\/types\/post"}],"author":[{"embeddable":true,"href":"http:\/\/argentinamunicipal.com.ar\/argentina\/wp-json\/wp\/v2\/users\/2"}],"replies":[{"embeddable":true,"href":"http:\/\/argentinamunicipal.com.ar\/argentina\/wp-json\/wp\/v2\/comments?post=46191"}],"version-history":[{"count":0,"href":"http:\/\/argentinamunicipal.com.ar\/argentina\/wp-json\/wp\/v2\/posts\/46191\/revisions"}],"wp:featuredmedia":[{"embeddable":true,"href":"http:\/\/argentinamunicipal.com.ar\/argentina\/wp-json\/wp\/v2\/media\/46192"}],"wp:attachment":[{"href":"http:\/\/argentinamunicipal.com.ar\/argentina\/wp-json\/wp\/v2\/media?parent=46191"}],"wp:term":[{"taxonomy":"category","embeddable":true,"href":"http:\/\/argentinamunicipal.com.ar\/argentina\/wp-json\/wp\/v2\/categories?post=46191"},{"taxonomy":"post_tag","embeddable":true,"href":"http:\/\/argentinamunicipal.com.ar\/argentina\/wp-json\/wp\/v2\/tags?post=46191"}],"curies":[{"name":"wp","href":"https:\/\/api.w.org\/{rel}","templated":true}]}}