{"id":4627,"date":"2014-03-22T11:19:11","date_gmt":"2014-03-22T14:19:11","guid":{"rendered":"http:\/\/argentinamunicipal.com.ar\/argentina\/?p=4627"},"modified":"2014-03-22T11:19:11","modified_gmt":"2014-03-22T14:19:11","slug":"zapala-invertiran-120-millones-en-un-parque-eolico","status":"publish","type":"post","link":"http:\/\/argentinamunicipal.com.ar\/argentina\/zapala-invertiran-120-millones-en-un-parque-eolico\/","title":{"rendered":"Zapala: invertir\u00e1n $120 millones en un parque e\u00f3lico"},"content":{"rendered":"<p><a href=\"http:\/\/argentinamunicipal.com.ar\/argentina\/wp-content\/uploads\/2014\/03\/original_Parque_Eolico.jpg\"><img loading=\"lazy\" decoding=\"async\" class=\"aligncenter size-full wp-image-4628\" alt=\"original_Parque_Eolico\" src=\"http:\/\/argentinamunicipal.com.ar\/argentina\/wp-content\/uploads\/2014\/03\/original_Parque_Eolico.jpg\" width=\"1024\" height=\"680\" srcset=\"http:\/\/argentinamunicipal.com.ar\/argentina\/wp-content\/uploads\/2014\/03\/original_Parque_Eolico.jpg 1024w, http:\/\/argentinamunicipal.com.ar\/argentina\/wp-content\/uploads\/2014\/03\/original_Parque_Eolico-300x199.jpg 300w\" sizes=\"auto, (max-width: 1024px) 100vw, 1024px\" \/><\/a><br \/>\nLa Provincia invertir\u00e1 120 millones de pesos en la creaci\u00f3n del parque e\u00f3lico de Zapala, que contar\u00e1 con cinco molinos de dos megavatios cada uno.<\/p>\n<p>Lo anunci\u00f3 el gobernador de Neuqu\u00e9n, Jorge Sapag, quien explic\u00f3 que se har\u00e1 a trav\u00e9s de la Hidroel\u00e9ctrica Piedra del \u00c1guila, de la cual \u201cla Provincia es socia\u201d.<\/p>\n<p>\u201cNos faltan las formas, pero ya lo aprob\u00f3 el directorio\u201d, expres\u00f3 el mandatario provincial, e indic\u00f3 que el parque se instalar\u00e1 en \u201clas proximidades de Zapala, que es un muy buen campo e\u00f3lico\u201d.<\/p>\n<h6>Fuente: La Ma\u00f1ana Neuqu\u00e9n<\/h6>\n","protected":false},"excerpt":{"rendered":"<p>La Provincia invertir\u00e1 120 millones de pesos en la creaci\u00f3n del parque e\u00f3lico de Zapala, que contar\u00e1 con cinco molinos de dos megavatios cada uno. Lo anunci\u00f3 el gobernador de Neuqu\u00e9n, Jorge Sapag, quien explic\u00f3 que se har\u00e1 a trav\u00e9s de la Hidroel\u00e9ctrica Piedra del \u00c1guila, de la cual \u201cla Provincia es socia\u201d. \u201cNos faltan<\/p>\n","protected":false},"author":2,"featured_media":4628,"comment_status":"closed","ping_status":"closed","sticky":false,"template":"","format":"standard","meta":{"footnotes":""},"categories":[2],"tags":[23],"class_list":["post-4627","post","type-post","status-publish","format-standard","has-post-thumbnail","hentry","category-informe-municipal","tag-neuquen"],"_links":{"self":[{"href":"http:\/\/argentinamunicipal.com.ar\/argentina\/wp-json\/wp\/v2\/posts\/4627","targetHints":{"allow":["GET"]}}],"collection":[{"href":"http:\/\/argentinamunicipal.com.ar\/argentina\/wp-json\/wp\/v2\/posts"}],"about":[{"href":"http:\/\/argentinamunicipal.com.ar\/argentina\/wp-json\/wp\/v2\/types\/post"}],"author":[{"embeddable":true,"href":"http:\/\/argentinamunicipal.com.ar\/argentina\/wp-json\/wp\/v2\/users\/2"}],"replies":[{"embeddable":true,"href":"http:\/\/argentinamunicipal.com.ar\/argentina\/wp-json\/wp\/v2\/comments?post=4627"}],"version-history":[{"count":0,"href":"http:\/\/argentinamunicipal.com.ar\/argentina\/wp-json\/wp\/v2\/posts\/4627\/revisions"}],"wp:featuredmedia":[{"embeddable":true,"href":"http:\/\/argentinamunicipal.com.ar\/argentina\/wp-json\/wp\/v2\/media\/4628"}],"wp:attachment":[{"href":"http:\/\/argentinamunicipal.com.ar\/argentina\/wp-json\/wp\/v2\/media?parent=4627"}],"wp:term":[{"taxonomy":"category","embeddable":true,"href":"http:\/\/argentinamunicipal.com.ar\/argentina\/wp-json\/wp\/v2\/categories?post=4627"},{"taxonomy":"post_tag","embeddable":true,"href":"http:\/\/argentinamunicipal.com.ar\/argentina\/wp-json\/wp\/v2\/tags?post=4627"}],"curies":[{"name":"wp","href":"https:\/\/api.w.org\/{rel}","templated":true}]}}