{"id":4630,"date":"2014-03-22T11:23:54","date_gmt":"2014-03-22T14:23:54","guid":{"rendered":"http:\/\/argentinamunicipal.com.ar\/argentina\/?p=4630"},"modified":"2014-03-22T11:23:54","modified_gmt":"2014-03-22T14:23:54","slug":"definen-pautas-salariales-en-la-municipalidad-de-fernandez-oro","status":"publish","type":"post","link":"http:\/\/argentinamunicipal.com.ar\/argentina\/definen-pautas-salariales-en-la-municipalidad-de-fernandez-oro\/","title":{"rendered":"Definen pautas salariales en la Municipalidad de Fernandez Oro"},"content":{"rendered":"<p><a href=\"http:\/\/argentinamunicipal.com.ar\/argentina\/wp-content\/uploads\/2014\/03\/utilitarios.jpg\"><img loading=\"lazy\" decoding=\"async\" class=\"alignright size-full wp-image-4631\" alt=\"utilitarios\" src=\"http:\/\/argentinamunicipal.com.ar\/argentina\/wp-content\/uploads\/2014\/03\/utilitarios.jpg\" width=\"220\" height=\"180\" \/><\/a>Representantes de la Asociaci\u00f3n de Trabajadores Municipales de Fern\u00e1ndez Oro (Milena Carrasco, Irma Melo y Carlos Godoy) se reunieron con el intendente Juan Reggioni para definir los temas planteados hace un par de meses atr\u00e1s y, que como todos los sectores de los asalariados, gira alrededor del tema sueldos.<\/p>\n<p>En la reuni\u00f3n se dieron algunas respuestas a exigencias que hace tiempo se ven\u00edan planteando sobre la mesa de negociaci\u00f3n, asegur\u00f3 Jos\u00e9 Castro.<\/p>\n<p>1\u00ba) Aumento en el corriente mes, de un 20 por ciento de los salarios, incluyendo en ese porcentaje la suma no remunerativa de $500, otorgada en febrero.<\/p>\n<p>2\u00ba) Compromiso asumido de reunirse en junio para definir un segundo tramo de aumento, el cual podr\u00eda encontrarse alrededor del 10 por ciento, lo cual significar\u00eda en total, de un poco mas del 30 por ciento de aumento salarial en el corriente a\u00f1o.<\/p>\n<p>3\u00ba) Entre el 25 y 28 de este mes se realizar\u00e1 la recategorizaci\u00f3n del personal que este en condiciones de ascender. Por lo tanto, los trabajadores alcanzados por la resoluci\u00f3n comenzar\u00e1n a cobrar su nueva categor\u00eda con el sueldo de marzo. De acuerdo a la ley 811, existe una recategorizaci\u00f3n autom\u00e1tica que no se aplica y esta era una de las exigencias de nuestra Asociaci\u00f3n.<\/p>\n<p>4\u00ba)Todos los empleados del municipio con hijos en edad escolar recibir\u00e1n \u00fatiles escolares, as\u00ed como aquellos que se encuentren cursando alg\u00fan tipo de estudios.<\/p>\n<p>5\u00ba)Durante abril se entregar\u00e1 la ropa de trabajo, que corresponde al primer semestre.<\/p>\n<p>6\u00ba)Durante abril se comenzar\u00e1 a tratar el pase a planta permanente de los trabajadores que se encuentren en condiciones de hacerlo. Hay quienes tienen cerca de 10 a\u00f1os como contratados.<\/p>\n<p>El martes 25 del corriente mes se reunir\u00e1n los afiliados de la Asociaci\u00f3n a efectos de tratar estas respuestas y decidir las v\u00edas de acci\u00f3n a seguir, agreg\u00f3 Castro.<\/p>\n<h6>Fuente: ADN Rio Negro<\/h6>\n","protected":false},"excerpt":{"rendered":"<p>Representantes de la Asociaci\u00f3n de Trabajadores Municipales de Fern\u00e1ndez Oro (Milena Carrasco, Irma Melo y Carlos Godoy) se reunieron con el intendente Juan Reggioni para definir los temas planteados hace un par de meses atr\u00e1s y, que como todos los sectores de los asalariados, gira alrededor del tema sueldos. En la reuni\u00f3n se dieron algunas<\/p>\n","protected":false},"author":2,"featured_media":4631,"comment_status":"closed","ping_status":"closed","sticky":false,"template":"","format":"standard","meta":{"footnotes":""},"categories":[7],"tags":[11],"class_list":["post-4630","post","type-post","status-publish","format-standard","has-post-thumbnail","hentry","category-informe-sindical","tag-rio-negro"],"_links":{"self":[{"href":"http:\/\/argentinamunicipal.com.ar\/argentina\/wp-json\/wp\/v2\/posts\/4630","targetHints":{"allow":["GET"]}}],"collection":[{"href":"http:\/\/argentinamunicipal.com.ar\/argentina\/wp-json\/wp\/v2\/posts"}],"about":[{"href":"http:\/\/argentinamunicipal.com.ar\/argentina\/wp-json\/wp\/v2\/types\/post"}],"author":[{"embeddable":true,"href":"http:\/\/argentinamunicipal.com.ar\/argentina\/wp-json\/wp\/v2\/users\/2"}],"replies":[{"embeddable":true,"href":"http:\/\/argentinamunicipal.com.ar\/argentina\/wp-json\/wp\/v2\/comments?post=4630"}],"version-history":[{"count":0,"href":"http:\/\/argentinamunicipal.com.ar\/argentina\/wp-json\/wp\/v2\/posts\/4630\/revisions"}],"wp:featuredmedia":[{"embeddable":true,"href":"http:\/\/argentinamunicipal.com.ar\/argentina\/wp-json\/wp\/v2\/media\/4631"}],"wp:attachment":[{"href":"http:\/\/argentinamunicipal.com.ar\/argentina\/wp-json\/wp\/v2\/media?parent=4630"}],"wp:term":[{"taxonomy":"category","embeddable":true,"href":"http:\/\/argentinamunicipal.com.ar\/argentina\/wp-json\/wp\/v2\/categories?post=4630"},{"taxonomy":"post_tag","embeddable":true,"href":"http:\/\/argentinamunicipal.com.ar\/argentina\/wp-json\/wp\/v2\/tags?post=4630"}],"curies":[{"name":"wp","href":"https:\/\/api.w.org\/{rel}","templated":true}]}}